{"id":24227,"date":"2021-05-24T08:08:13","date_gmt":"2021-05-24T14:08:13","guid":{"rendered":"http:\/\/bambapolitica.com.mx\/?p=24227"},"modified":"2021-05-24T08:08:15","modified_gmt":"2021-05-24T14:08:15","slug":"vivir-en-segundos-o-como-primeros","status":"publish","type":"post","link":"https:\/\/bambapolitica.com.mx\/index.php\/2021\/05\/24\/vivir-en-segundos-o-como-primeros\/","title":{"rendered":"\u201cVIVIR \u2026 \u00bfEN SEGUNDOS O COMO PRIMEROS?\u201d"},"content":{"rendered":"\n<p class=\"has-medium-font-size\"><strong>RAZ\u00d3N, TES\u00d3N Y CORAZ\u00d3N<\/strong><strong><\/strong><\/p>\n\n\n\n<p class=\"has-medium-font-size\"><a><strong>EL TIEMPO.<\/strong><\/a><\/p>\n\n\n\n<p class=\"has-medium-font-size\">En nuestra vida hemos aprendido que el tiempo es un espacio en el cual se realiza una acci\u00f3n o se desarrolla un acontecimiento y al cual podemos medir en segundos, minutos, horas, d\u00edas, semanas, meses, a\u00f1os, etc\u00e9tera.<\/p>\n\n\n\n<p class=\"has-medium-font-size\">Sabemos que los momentos que definen nuestra vida se dan de manera tal que por su inmediatez ni siquiera nos dan oportunidad de actuar o reaccionar; no obstante, tenemos per\u00edodos para prepararnos de la manera m\u00e1s adecuada.<\/p>\n\n\n\n<p class=\"has-medium-font-size\">Ni el amor ni el \u00e9xito son espont\u00e1neos, sabemos que hemos vivido, aprendido y desarrollado nuestros sentidos e inteligencia para actuar de la mejor manera ante todo tipo de circunstancias y, aun cuando \u00e9stas nunca las hayamos imaginado, proceder de acuerdo con lo que somos.<\/p>\n\n\n\n<p class=\"has-medium-font-size\"><em>Si las situaciones que transforman nuestra vida se pueden dar en segundos, como personas y profesionales \u2026 <strong>\u00bfnos hemos preparado para conducirnos como primeros?<\/strong><\/em><\/p>\n\n\n\n<p class=\"has-medium-font-size\"><a><strong>\u00bfEL FIN ELEGIDO?<\/strong><\/a><\/p>\n\n\n\n<p class=\"has-medium-font-size\">\u00bfC\u00f3mo nos construimos para dirigir nuestra vida?, \u00bfpretendemos ser l\u00edderes o preferimos mantenernos como seguidores?, realmente \u00bftenemos objetivos personales o profesionales o s\u00f3lo asumimos los que se nos presentan?<\/p>\n\n\n\n<p class=\"has-medium-font-size\">Hay muchas preguntas y desafortunadamente, cada vez hay menos personas que responden y act\u00faan en consecuencia; de hecho, el avance de la tecnolog\u00eda cada vez es m\u00e1s contrastante con la cultura del esfuerzo; ya que el inter\u00e9s colectivo se da m\u00e1s por mantenerse en la comodidad de su estatus. Complementarlo ser\u00eda lo id\u00f3neo no s\u00f3lo sustituirlo.<\/p>\n\n\n\n<p class=\"has-medium-font-size\">Te has preguntado si \u2026 <strong>\u00bftu vida se basa en la comodidad de la tecnolog\u00eda?<\/strong><\/p>\n\n\n\n<p class=\"has-medium-font-size\"><strong>LA TRISTE SUSTITUCI\u00d3N DEL ESFUERZO POR LA TECNOLOG\u00cdA.<\/strong><\/p>\n\n\n\n<p class=\"has-medium-font-size\">Recuerdo que, en la primaria, a pesar del trabajo de los profesores, muchos nos olvid\u00e1bamos de encontrar las respuestas aritm\u00e9ticas con nuestra l\u00f3gica y bastaba con apretar unos simples botones de la calculadora para llegar al resultado. Al vernos sorprendidos en nuestras tareas, los maestros nos daban las razones para desarrollar nuestro intelecto y prescindir de la tecnolog\u00eda en ese tenor; es decir, fortalecer nuestras habilidades y complementarlas con los recursos que tuvi\u00e9ramos a la mano. Algunos entend\u00edamos y lo intent\u00e1bamos y otros se quedaban en la comodidad del resultado y ocultaban con mentiras su pereza.<\/p>\n\n\n\n<p class=\"has-medium-font-size\">Obviamente, si esto era en mi infancia \u2026 \u00bfqu\u00e9 habr\u00e1 pasado en las \u00faltimas d\u00e9cadas?&nbsp; S\u00f3lo por ejemplificar, miremos el cambio en los tiempos: el sudor del juego f\u00edsico por la destreza de los dedos en los controles y tabuladores; los procesadores que sustituyen el tiempo del mecanografiado; y, la investigaci\u00f3n en la biblioteca por la utilizaci\u00f3n de los buscadores.<\/p>\n\n\n\n<p class=\"has-medium-font-size\">Que quede claro que la tecnolog\u00eda no es mala; por el contrario, es un medio que facilita la vida del ser humano. Lo que puede resultar malo es que las personas la ven como un fin y ajustan su forma de vida a esas comodidades, llev\u00e1ndolas a un mundo virtual o de supresi\u00f3n constante del esfuerzo.<\/p>\n\n\n\n<p class=\"has-medium-font-size\"><strong><em>\u00bfA\u00fan recuerdas cu\u00e1ndo fue la \u00faltima vez que prescindiste de la tecnolog\u00eda para hacer un trabajo f\u00edsico o mental?<\/em><\/strong><\/p>\n\n\n\n<p class=\"has-medium-font-size\"><a><strong>MI YO EN CONSTRUCCI\u00d3N.<\/strong><\/a><\/p>\n\n\n\n<p class=\"has-medium-font-size\">Ante estas circunstancias, realmente \u2026 \u00bfc\u00f3mo hemos elegido prepararnos?<\/p>\n\n\n\n<p class=\"has-medium-font-size\">Si lo miramos en retrospectiva y lo comparamos con lo que somos, podemos saber si elegimos el camino del esfuerzo y sacrificio o bien, tomamos el de la comodidad y justificaci\u00f3n.<\/p>\n\n\n\n<p class=\"has-medium-font-size\">Si nuestra meta de ni\u00f1os era tener dinero, lujos y bienes, bastar\u00e1 con mirar a nuestro alrededor para comprobar si lo conseguimos; si lo que elegimos fue fama y posici\u00f3n social, podremos considerar a quien est\u00e1 a nuestro alrededor y la manera que nos tratan para saber que lo logramos; y si no decidimos nada y nos dejamos llevar, dar\u00e1 igual lo que hagamos.<\/p>\n\n\n\n<p class=\"has-medium-font-size\">Sin embargo, si decidimos ser felices y vivimos de acuerdo con nuestras convicciones y valores, podremos entender con s\u00f3lo mirarnos al espejo si as\u00ed lo mostramos en nuestro semblante.<\/p>\n\n\n\n<p class=\"has-medium-font-size\"><strong><em>\u00bfQu\u00e9 camino elegiste en tu ayer para ser la persona que eres hoy?<\/em><\/strong><\/p>\n\n\n\n<p class=\"has-medium-font-size\"><a><strong>\u00bfLA FELICIDAD ES UNA ELECCI\u00d3N?<\/strong><\/a><\/p>\n\n\n\n<p class=\"has-medium-font-size\">Si elegiste la riqueza, la opulencia, la gloria o cualquier otro estado del tener o acumular, ser\u00e1 f\u00e1cil considerar si lo alcanzaste con tan s\u00f3lo revisar tus bolsillos o tus compa\u00f1eros.<\/p>\n\n\n\n<p class=\"has-medium-font-size\">Si tu selecci\u00f3n fue ser poderoso, ser\u00e1 \u00fatil descubrir el lugar que tienes al contar a los d\u00e9biles que han quedado en el camino.<\/p>\n\n\n\n<p class=\"has-medium-font-size\">Si decidiste ser feliz, has entendido que lejos de ser una meta es una forma de vida, en la cual, usas tus talentos y destrezas para ser la mejor versi\u00f3n de ti y con ello, disfrutar tu plenitud y compartirla con quienes est\u00e1n a tu lado.<\/p>\n\n\n\n<p class=\"has-medium-font-size\">La sonrisa no es muestra absoluta de j\u00fabilo ni las l\u00e1grimas lo son de tristeza. Una persona feliz lo demuestra con palabras y actos y con su sola presencia al interactuar.<\/p>\n\n\n\n<p class=\"has-medium-font-size\"><strong><em>\u00bfCrees que tu presencia transmite alegr\u00eda a tu alrededor?<\/em><\/strong><\/p>\n\n\n\n<p class=\"has-medium-font-size\"><strong>EL TAMA\u00d1O DE MI ESENCIA.<\/strong><\/p>\n\n\n\n<p class=\"has-medium-font-size\">No hay nada m\u00e1s dif\u00edcil que ser honesto con uno mismo y as\u00ed mostrarlo. Usualmente si logramos nuestros objetivos, lo sabemos y dudamos entre ser humildes o vanagloriarnos; si fallamos, entre reconocerlo o justificarnos. Nuestra reacci\u00f3n depender\u00e1 de quienes somos, pero siempre necesitaremos a alguien con quien compartirlo.<\/p>\n\n\n\n<p class=\"has-medium-font-size\">William Thomson Kelvin se\u00f1alaba que \u201clo que no se mide no se puede mejorar\u201d, que dif\u00edcil resulta hacerlo con el ser humano que somos. Si tan s\u00f3lo eligi\u00e9ramos el tener riqueza como una meta de \u00e9xito en nuestras vidas, bastar\u00eda saber la cantidad, cuant\u00eda o influencia para saber si lo logramos; pero al tratarse de quienes somos como personas de cara a la felicidad elegida, es insuficiente saberlo en cuanto a medidas y quiz\u00e1s lo m\u00e1s que podamos hacer es percibir los sentimientos que manifestamos, compartimos y recibimos.<\/p>\n\n\n\n<p class=\"has-medium-font-size\">En consecuencia, si la gloria personal se midiera por sonrisas \u2026 <strong><em>\u00bfentender\u00edamos que \u00e9stas corresponder\u00edan a las que manifestamos o provocamos en otros?<\/em><\/strong><\/p>\n\n\n\n<p class=\"has-medium-font-size\"><a><strong>\u00bfSONRISAS REALES O VIRTUALES?<\/strong><\/a><\/p>\n\n\n\n<p class=\"has-medium-font-size\">Un emoji jam\u00e1s sustituir\u00e1 una caricia, un tic-toc nunca provocar\u00e1 la misma alegr\u00eda que la presencia de alguien y un mensaje de texto jam\u00e1s sustituir\u00e1 una charla con el ser querido; en ese sentido, dale la importancia que tiene a cada cosa y entiende que la realidad virtual jam\u00e1s sustituir\u00e1 la magia de una relaci\u00f3n interpersonal.<\/p>\n\n\n\n<p class=\"has-medium-font-size\">Sin duda, todos los medios digitales, electr\u00f3nicos o de comunicaci\u00f3n nos dan la facilidad de vincularnos a distancia con personas que son de nuestro inter\u00e9s, pero no sustituyen la presencia; es decir, no perdamos de vista que son solo herramientas para servir a nuestros fines.<\/p>\n\n\n\n<p class=\"has-medium-font-size\">Nuestro fin como personas es relacionarnos con otras y consolidar \u00e9stas; no pretendamos ser queridos por millones en ausencia. La presencia es b\u00e1sica, foment\u00e9mosla; obviamente, atendiendo siempre a las circunstancias.<\/p>\n\n\n\n<p class=\"has-medium-font-size\">Y a todo esto \u2026 <strong><em>\u00bfsientes m\u00e1s plenitud al expresar tus sentimientos en persona o de manera virtual?<\/em><\/strong><\/p>\n\n\n\n<p class=\"has-medium-font-size\"><strong>PRIMERO SOY \u2026 \u00bfLUEGO?<\/strong><\/p>\n\n\n\n<p class=\"has-medium-font-size\">Conforme a lo que hemos se\u00f1alado, si viniste a este mundo a ser feliz \u2026 <strong><em>\u00bfpara qu\u00e9 te distraes siendo qui\u00e9n no eres?<\/em><\/strong><\/p>\n\n\n\n<p class=\"has-medium-font-size\">Si la vida es un per\u00edodo de tiempo que puedes fraccionar hasta en segundos \u2026 \u00bfpor qu\u00e9 mejor no la consideras en primeros? &#8230; es decir, <strong>\u00bfPor qu\u00e9 no te ocupas de ser primero la persona que has elegido ser y luego te preocupas del resto?<\/strong><\/p>\n\n\n\n<p class=\"has-medium-font-size\">No hay mayor amor que el amor primero, ya que si te amas a ti podr\u00e1s amar a otra persona.<\/p>\n\n\n\n<p class=\"has-medium-font-size\">No hay liderazgo m\u00e1s grande, que aceptar tus metas y seguirlas por convicci\u00f3n, ya que; si t\u00fa no te construyes a ti, pretender hacerlo con otros ser\u00eda destruirlos.<\/p>\n\n\n\n<p class=\"has-medium-font-size\">No hay mejor comunicaci\u00f3n que la que se da desde la honestidad de tu coraz\u00f3n al mirar a los ojos a otra persona y actuar conforme a ello, sea con un abrazo o palmada.<\/p>\n\n\n\n<p class=\"has-medium-font-size\">No hay nada de segundo para ti \u2026 <strong><em>\u00a1S\u00e9 el primero en tu vida!<\/em><\/strong><\/p>\n\n\n\n<p class=\"has-medium-font-size\">Analiza tu pasado, mejora el presente y sonr\u00ede al futuro \u2026 ya que finalmente \u2026 <strong><em>\u00a1t\u00fa eres la suma de tus valores e imperfecciones \u2026 pero tus convicciones y compromiso te llevar\u00e1n a la plenitud!&nbsp;<\/em><\/strong><\/p>\n\n\n\n<p class=\"has-medium-font-size\">Si deseas cambiar tu vida s\u00f3lo responde a esta simple pregunta: <strong><em>\u00bfERES FELIZ?<\/em><\/strong><\/p>\n","protected":false},"excerpt":{"rendered":"<p>RAZ\u00d3N, TES\u00d3N Y CORAZ\u00d3N EL TIEMPO. En nuestra vida hemos aprendido que el tiempo es&#8230;<\/p>\n","protected":false},"author":4,"featured_media":0,"comment_status":"closed","ping_status":"closed","sticky":false,"template":"","format":"standard","meta":{"footnotes":""},"categories":[4],"tags":[],"class_list":["post-24227","post","type-post","status-publish","format-standard","hentry","category-noticias-del-dia"],"_links":{"self":[{"href":"https:\/\/bambapolitica.com.mx\/index.php\/wp-json\/wp\/v2\/posts\/24227","targetHints":{"allow":["GET"]}}],"collection":[{"href":"https:\/\/bambapolitica.com.mx\/index.php\/wp-json\/wp\/v2\/posts"}],"about":[{"href":"https:\/\/bambapolitica.com.mx\/index.php\/wp-json\/wp\/v2\/types\/post"}],"author":[{"embeddable":true,"href":"https:\/\/bambapolitica.com.mx\/index.php\/wp-json\/wp\/v2\/users\/4"}],"replies":[{"embeddable":true,"href":"https:\/\/bambapolitica.com.mx\/index.php\/wp-json\/wp\/v2\/comments?post=24227"}],"version-history":[{"count":1,"href":"https:\/\/bambapolitica.com.mx\/index.php\/wp-json\/wp\/v2\/posts\/24227\/revisions"}],"predecessor-version":[{"id":24229,"href":"https:\/\/bambapolitica.com.mx\/index.php\/wp-json\/wp\/v2\/posts\/24227\/revisions\/24229"}],"wp:attachment":[{"href":"https:\/\/bambapolitica.com.mx\/index.php\/wp-json\/wp\/v2\/media?parent=24227"}],"wp:term":[{"taxonomy":"category","embeddable":true,"href":"https:\/\/bambapolitica.com.mx\/index.php\/wp-json\/wp\/v2\/categories?post=24227"},{"taxonomy":"post_tag","embeddable":true,"href":"https:\/\/bambapolitica.com.mx\/index.php\/wp-json\/wp\/v2\/tags?post=24227"}],"curies":[{"name":"wp","href":"https:\/\/api.w.org\/{rel}","templated":true}]}}