{"id":24309,"date":"2021-05-24T13:36:10","date_gmt":"2021-05-24T19:36:10","guid":{"rendered":"http:\/\/bambapolitica.com.mx\/?p=24309"},"modified":"2021-05-24T13:36:13","modified_gmt":"2021-05-24T19:36:13","slug":"habra-primera-infancia-en-nezahualcoyotl-hector-bautista","status":"publish","type":"post","link":"https:\/\/bambapolitica.com.mx\/index.php\/2021\/05\/24\/habra-primera-infancia-en-nezahualcoyotl-hector-bautista\/","title":{"rendered":"Habr\u00e1 Primera Infancia en Nezahualc\u00f3yotl: H\u00e9ctor Bautista"},"content":{"rendered":"\n<p class=\"has-medium-font-size\">Nezahualc\u00f3yotl, #M\u00e9x.<\/p>\n\n\n\n<p class=\"has-medium-font-size\">Al llevar a cabo la firma de compromisos por el Pacto de la Primera Infancia es que a los peque\u00f1os del municipio tengan corteza m\u00e9dica y jur\u00eddica a fin de evitar su abandono de los infantes, dijo el candidato a la presidencia municipal por la alianza Va por el Estado de M\u00e9xico, H\u00e9ctor Miguel Bautista L\u00f3pez<\/p>\n\n\n\n<p class=\"has-medium-font-size\">Ante los presentes simpatizantes del PRD, PAN y PRI el aspirante se\u00f1alo que el recurso que quito la federaci\u00f3n a diversos programas sociales esta siendo utilizado para construir tres Elefantes Blancos que son el tren Maya, la refiner\u00eda de Tres Bocas y el aeropuerto de de Santa Lucia son una desgracia para el pais y son utilizados para engrandecer el ego de una sola persona.<\/p>\n\n\n\n<p class=\"has-medium-font-size\">En este pa\u00eds hay que ser pacientes y no polarizarnos<\/p>\n\n\n\n<p class=\"has-medium-font-size\">El voto mayoritaro sera para aquel que ha realizado obras y servicios durante los a\u00f1os por lo cual hay una aceptaci\u00f3n de la gente hacia la alianza.<\/p>\n\n\n\n<p class=\"has-medium-font-size\">El candidato refrend\u00f3 su compromiso con y asegur\u00f3 que se desarrollaran diversas acciones para cumplir con este compromiso, tras reiterar que Neza es un municipio de lucha organizada.<\/p>\n","protected":false},"excerpt":{"rendered":"<p>Nezahualc\u00f3yotl, #M\u00e9x. Al llevar a cabo la firma de compromisos por el Pacto de la&#8230;<\/p>\n","protected":false},"author":4,"featured_media":0,"comment_status":"closed","ping_status":"closed","sticky":false,"template":"","format":"standard","meta":{"footnotes":""},"categories":[4],"tags":[],"class_list":["post-24309","post","type-post","status-publish","format-standard","hentry","category-noticias-del-dia"],"_links":{"self":[{"href":"https:\/\/bambapolitica.com.mx\/index.php\/wp-json\/wp\/v2\/posts\/24309","targetHints":{"allow":["GET"]}}],"collection":[{"href":"https:\/\/bambapolitica.com.mx\/index.php\/wp-json\/wp\/v2\/posts"}],"about":[{"href":"https:\/\/bambapolitica.com.mx\/index.php\/wp-json\/wp\/v2\/types\/post"}],"author":[{"embeddable":true,"href":"https:\/\/bambapolitica.com.mx\/index.php\/wp-json\/wp\/v2\/users\/4"}],"replies":[{"embeddable":true,"href":"https:\/\/bambapolitica.com.mx\/index.php\/wp-json\/wp\/v2\/comments?post=24309"}],"version-history":[{"count":1,"href":"https:\/\/bambapolitica.com.mx\/index.php\/wp-json\/wp\/v2\/posts\/24309\/revisions"}],"predecessor-version":[{"id":24311,"href":"https:\/\/bambapolitica.com.mx\/index.php\/wp-json\/wp\/v2\/posts\/24309\/revisions\/24311"}],"wp:attachment":[{"href":"https:\/\/bambapolitica.com.mx\/index.php\/wp-json\/wp\/v2\/media?parent=24309"}],"wp:term":[{"taxonomy":"category","embeddable":true,"href":"https:\/\/bambapolitica.com.mx\/index.php\/wp-json\/wp\/v2\/categories?post=24309"},{"taxonomy":"post_tag","embeddable":true,"href":"https:\/\/bambapolitica.com.mx\/index.php\/wp-json\/wp\/v2\/tags?post=24309"}],"curies":[{"name":"wp","href":"https:\/\/api.w.org\/{rel}","templated":true}]}}