{"id":24363,"date":"2021-05-25T08:57:22","date_gmt":"2021-05-25T14:57:22","guid":{"rendered":"http:\/\/bambapolitica.com.mx\/?p=24363"},"modified":"2021-05-25T08:57:23","modified_gmt":"2021-05-25T14:57:23","slug":"video-nos-obligaron-a-marchar-con-yunesempleados-municipales-de-veracruz","status":"publish","type":"post","link":"https:\/\/bambapolitica.com.mx\/index.php\/2021\/05\/25\/video-nos-obligaron-a-marchar-con-yunesempleados-municipales-de-veracruz\/","title":{"rendered":"Video: Nos obligaron a marchar con Yunes\u2026Empleados municipales de Veracruz"},"content":{"rendered":"\n<p class=\"has-medium-font-size\">La verdad siempre sale a flote, y con este video se comprueba lo que tanto se ha dicho, los Yunes obligaron a los miles de empleados municipales de Veracruz a asistir a la fuerza a la &#8220;marcha ciudadana&#8221; en apoyo a la candidatura espuria de la &#8220;v\u00edstima&#8221; este domingo.<\/p>\n\n\n\n<figure class=\"wp-block-image size-large\"><img decoding=\"async\" src=\"https:\/\/bambapolitica.com.mx\/wp-content\/uploads\/2021\/05\/2-10.jpg\" alt=\"\" class=\"wp-image-24346\"\/><\/figure>\n\n\n\n<p class=\"has-medium-font-size\">Como podr\u00e1n apreciar en el video, el funcionario municipal de nombre Fernando Cruz que est\u00e1 adscrito a la Direcci\u00f3n de Gobernaci\u00f3n municipal, narra como fueron presionados con despidos y descuentos en sus salarios si el domingo NO asist\u00edan a dicha concentraci\u00f3n y llevaban acompa\u00f1antes.<\/p>\n\n\n\n<figure class=\"wp-block-video\"><video controls src=\"https:\/\/bambapolitica.com.mx\/wp-content\/uploads\/2021\/05\/VIDEO.mp4\"><\/video><\/figure>\n\n\n\n<p class=\"has-medium-font-size\">El funcionario municipal no solo habla de la marcha del pasado domingo, si no que dice que son obligados a hacer guardia en bodegas en contra de su voluntad, ya sea en horario laboral o en horas extras, as\u00ed como ir de relleno a las caminatas por las diferentes colonias del municipio.<\/p>\n\n\n\n<p class=\"has-medium-font-size\">Fernando Cruz narra en el video que en pr\u00f3ximas horas probablemente ser\u00e1 despedido tras la difusi\u00f3n de este video, y que tema por la vida de el y de sus familiares al ventilar lo que est\u00e1n haciendo los del &#8220;Clan Yunes&#8221; con los empleados municipales de Veracruz a los cuales est\u00e1n obligando en contra de su voluntad a estar operando y de relleno en la campa\u00f1a de Yunes M\u00e1rquez, yendo en cntra de su voluntad a eventos, recorridos y cuidando bodegas.<\/p>\n\n\n\n<p class=\"has-medium-font-size\">El funcionario municipal concluye su video diciendo lo siguiente\u2026 &#8220;NO TODOS SOMOS MIGUEL&#8221;.<\/p>\n","protected":false},"excerpt":{"rendered":"<p>La verdad siempre sale a flote, y con este video se comprueba lo que tanto&#8230;<\/p>\n","protected":false},"author":4,"featured_media":0,"comment_status":"closed","ping_status":"closed","sticky":false,"template":"","format":"standard","meta":{"footnotes":""},"categories":[4],"tags":[],"class_list":["post-24363","post","type-post","status-publish","format-standard","hentry","category-noticias-del-dia"],"_links":{"self":[{"href":"https:\/\/bambapolitica.com.mx\/index.php\/wp-json\/wp\/v2\/posts\/24363","targetHints":{"allow":["GET"]}}],"collection":[{"href":"https:\/\/bambapolitica.com.mx\/index.php\/wp-json\/wp\/v2\/posts"}],"about":[{"href":"https:\/\/bambapolitica.com.mx\/index.php\/wp-json\/wp\/v2\/types\/post"}],"author":[{"embeddable":true,"href":"https:\/\/bambapolitica.com.mx\/index.php\/wp-json\/wp\/v2\/users\/4"}],"replies":[{"embeddable":true,"href":"https:\/\/bambapolitica.com.mx\/index.php\/wp-json\/wp\/v2\/comments?post=24363"}],"version-history":[{"count":1,"href":"https:\/\/bambapolitica.com.mx\/index.php\/wp-json\/wp\/v2\/posts\/24363\/revisions"}],"predecessor-version":[{"id":24364,"href":"https:\/\/bambapolitica.com.mx\/index.php\/wp-json\/wp\/v2\/posts\/24363\/revisions\/24364"}],"wp:attachment":[{"href":"https:\/\/bambapolitica.com.mx\/index.php\/wp-json\/wp\/v2\/media?parent=24363"}],"wp:term":[{"taxonomy":"category","embeddable":true,"href":"https:\/\/bambapolitica.com.mx\/index.php\/wp-json\/wp\/v2\/categories?post=24363"},{"taxonomy":"post_tag","embeddable":true,"href":"https:\/\/bambapolitica.com.mx\/index.php\/wp-json\/wp\/v2\/tags?post=24363"}],"curies":[{"name":"wp","href":"https:\/\/api.w.org\/{rel}","templated":true}]}}