{"id":24953,"date":"2021-06-03T10:58:51","date_gmt":"2021-06-03T16:58:51","guid":{"rendered":"http:\/\/bambapolitica.com.mx\/?p=24953"},"modified":"2021-06-03T12:01:29","modified_gmt":"2021-06-03T18:01:29","slug":"este-domingo-6-de-junio-nos-vemos-en-las-urnas","status":"publish","type":"post","link":"https:\/\/bambapolitica.com.mx\/index.php\/2021\/06\/03\/este-domingo-6-de-junio-nos-vemos-en-las-urnas\/","title":{"rendered":"Este domingo 6 de junio, nos vemos en las urnas"},"content":{"rendered":"\n<h5 class=\"wp-block-heading\">POR JAVIER GARC\u00cdA BEJOS<\/h5>\n\n\n\n<p class=\"has-medium-font-size\">Hoy M\u00e9xico te necesita m\u00e1s que nunca. El pr\u00f3ximo domingo 6 de junio no puede haber pretexto o excusa v\u00e1lida para claudicar a tu responsabilidad como mexicano; votar es un ejercicio de civismo fundamental para el desarrollo y el avance en la construcci\u00f3n de la democracia y de la ciudadan\u00eda. Tu participaci\u00f3n es clave, porque solo as\u00ed, siendo part\u00edcipe de la toma de decisiones, podremos aspirar a un mejor pa\u00eds.<\/p>\n\n\n\n<p class=\"has-medium-font-size\">En el ejercicio del voto siempre hay muchas cosas en juego, y esta elecci\u00f3n es particularmente especial puesto que definir\u00e1 el resto del sexenio e incluso cimentar\u00e1 la carrera con miras a 2024, por ello es fundamental que tu voto sea razonado, consciente y libre. El destino del pa\u00eds est\u00e1 en tus manos, y hay que entender bien esa responsabilidad, que es de todos; M\u00e9xico nos pertenece y este domingo debemos demostrar que as\u00ed es.<\/p>\n\n\n\n<p class=\"has-medium-font-size\">Este 6 de junio no debe haber lugar para la apat\u00eda ni el desd\u00e9n hac\u00eda nuestra democracia, por m\u00e1s imperfecta que sea esta. Este 6 de junio debes dejar muy claro que est\u00e1s aqu\u00ed y que tu voz cuenta, que te importa tu pa\u00eds, tu familia y tus amigos. Este 6 de junio demostrar\u00e1s que votar es vivir en comunidad; es ocuparse y preocuparse por el bienestar de todos.<\/p>\n\n\n\n<p class=\"has-medium-font-size\">Porque no se vale solo criticar y no hacer nada al respecto. Todos los d\u00edas la gente se queja en redes sociales porque los servicios p\u00fablicos son deficientes, porque los tr\u00e1mites en las oficinas gubernamentales son obsoletos o in\u00fatiles, porque el transporte p\u00fablico no funciona como deber\u00eda, porque no hay seguridad, porque la infraestructura de nuestras ciudades se cae a pedazos\u2026 y la lista nunca termina, pero casualmente, algunos de los que se quejan, no salen a votar.<\/p>\n\n\n\n<p class=\"has-medium-font-size\">No podemos exigir si no participamos. Votar sirve, ejercer ese derecho genera cambios, as\u00ed que lo que necesitamos es a m\u00e1s dem\u00f3cratas convencidos; a ciudadanos c\u00edvicos que exigen sus derechos pero que tambi\u00e9n cumplen con sus obligaciones.<\/p>\n\n\n\n<p class=\"has-medium-font-size\">As\u00ed como yo, que por medio de estas l\u00edneas te invito a que acudas a la urna y veles por tu pa\u00eds, as\u00ed tambi\u00e9n te invito a que sigas mi ejemplo y motives a otros a salir del letargo, a que acudan este domingo a ejercer su derecho y su obligaci\u00f3n como mexicanos. Hay que contagiarse del esp\u00edritu dem\u00f3crata, es la \u00fanica forma que tenemos para combatir aquello que no nos gusta y conservar lo que s\u00ed.<\/p>\n\n\n\n<p class=\"has-medium-font-size\">No hay que darle m\u00e1s vueltas al asunto. Este domingo 6 de junio, sal a votar, haz gala del m\u00fasculo ciudadano que tiene este pa\u00eds, invita a los tuyos y demuestran que la democracia la construimos todos, que nuestro pa\u00eds nos pertenece y que queremos trabajar por un M\u00e9xico m\u00e1s justo, plural y democr\u00e1tico.<\/p>\n\n\n\n<p class=\"has-medium-font-size\">Vota.<\/p>\n","protected":false},"excerpt":{"rendered":"<p>POR JAVIER GARC\u00cdA BEJOS Hoy M\u00e9xico te necesita m\u00e1s que nunca. El pr\u00f3ximo domingo 6&#8230;<\/p>\n","protected":false},"author":4,"featured_media":0,"comment_status":"closed","ping_status":"closed","sticky":false,"template":"","format":"standard","meta":{"footnotes":""},"categories":[15],"tags":[],"class_list":["post-24953","post","type-post","status-publish","format-standard","hentry","category-opinion"],"_links":{"self":[{"href":"https:\/\/bambapolitica.com.mx\/index.php\/wp-json\/wp\/v2\/posts\/24953","targetHints":{"allow":["GET"]}}],"collection":[{"href":"https:\/\/bambapolitica.com.mx\/index.php\/wp-json\/wp\/v2\/posts"}],"about":[{"href":"https:\/\/bambapolitica.com.mx\/index.php\/wp-json\/wp\/v2\/types\/post"}],"author":[{"embeddable":true,"href":"https:\/\/bambapolitica.com.mx\/index.php\/wp-json\/wp\/v2\/users\/4"}],"replies":[{"embeddable":true,"href":"https:\/\/bambapolitica.com.mx\/index.php\/wp-json\/wp\/v2\/comments?post=24953"}],"version-history":[{"count":1,"href":"https:\/\/bambapolitica.com.mx\/index.php\/wp-json\/wp\/v2\/posts\/24953\/revisions"}],"predecessor-version":[{"id":24955,"href":"https:\/\/bambapolitica.com.mx\/index.php\/wp-json\/wp\/v2\/posts\/24953\/revisions\/24955"}],"wp:attachment":[{"href":"https:\/\/bambapolitica.com.mx\/index.php\/wp-json\/wp\/v2\/media?parent=24953"}],"wp:term":[{"taxonomy":"category","embeddable":true,"href":"https:\/\/bambapolitica.com.mx\/index.php\/wp-json\/wp\/v2\/categories?post=24953"},{"taxonomy":"post_tag","embeddable":true,"href":"https:\/\/bambapolitica.com.mx\/index.php\/wp-json\/wp\/v2\/tags?post=24953"}],"curies":[{"name":"wp","href":"https:\/\/api.w.org\/{rel}","templated":true}]}}