{"id":25175,"date":"2021-06-08T08:31:04","date_gmt":"2021-06-08T14:31:04","guid":{"rendered":"http:\/\/bambapolitica.com.mx\/?p=25175"},"modified":"2021-06-08T11:26:01","modified_gmt":"2021-06-08T17:26:01","slug":"denunciara-ricardo-exsome-intervencion-de-fernando-yunes-en-eleccion-municipal","status":"publish","type":"post","link":"https:\/\/bambapolitica.com.mx\/index.php\/2021\/06\/08\/denunciara-ricardo-exsome-intervencion-de-fernando-yunes-en-eleccion-municipal\/","title":{"rendered":"Denunciar\u00e1 Ricardo Exsome intervenci\u00f3n de Fernando Yunes en elecci\u00f3n municipal"},"content":{"rendered":"\n<figure class=\"wp-block-embed-youtube wp-block-embed is-type-video is-provider-youtube wp-embed-aspect-16-9 wp-has-aspect-ratio\"><div class=\"wp-block-embed__wrapper\">\n<iframe loading=\"lazy\" title=\"Alcalde de Veracruz llama a votar  y movilizar gente en favor de su cu\u00f1ada\" width=\"640\" height=\"360\" src=\"https:\/\/www.youtube.com\/embed\/Iz4T8agnPts?feature=oembed\" frameborder=\"0\" allow=\"accelerometer; autoplay; clipboard-write; encrypted-media; gyroscope; picture-in-picture; web-share\" referrerpolicy=\"strict-origin-when-cross-origin\" allowfullscreen><\/iframe>\n<\/div><\/figure>\n\n\n\n<p class=\"has-medium-font-size\">El equipo de campa\u00f1a del candidato de Morena-PT-PVEM a la alcald\u00eda de Veracruz, Ricardo Exsome, denunci\u00f3 que el presidente municipal Fernando Yunes M\u00e1rquez intervino en los comicios de este domingo 6 de junio.<\/p>\n\n\n\n<p class=\"has-medium-font-size\">La elecci\u00f3n de la ciudad de Veracruz ha resultado ser una elecci\u00f3n at\u00edpica. Una elecci\u00f3n que hasta ahora se encuentra muy cerrada y en el conteo real que se realiza ante el Organismo P\u00fablico Local Electoral (OPLE), que no rebasa el 35 por ciento del total de las casillas, reporta un 70 por ciento de incidencias en todas las actas.<\/p>\n\n\n\n<p class=\"has-medium-font-size\">As\u00ed tambi\u00e9n los representantes ante el Organismo P\u00fablico Local Electoral (OPLE), agregaron que \u201ca esto se le suma la intervenci\u00f3n del presidente municipal de Veracruz, Fernando Yunes M\u00e1rquez, por un audio intimidatorio difundido a los trabajadores municipales, mismo que ya se encuentra denunciado\u201d.<\/p>\n\n\n\n<p class=\"has-medium-font-size\">Adem\u00e1s, destacaron que \u201cel rebase del tope de los gastos de campa\u00f1a de nuestros opositores\u201d tambi\u00e9n est\u00e1 ya denunciado.<\/p>\n\n\n\n<p class=\"has-medium-font-size\">Precisaron que todo lo anterior nos indica, que la resoluci\u00f3n de la elecci\u00f3n a\u00fan no est\u00e1 definida y se deber\u00e1n agotar todas las instancias legales, que permitan darle certidumbre a los veracruzanos.<\/p>\n\n\n\n<figure class=\"wp-block-gallery columns-1 is-cropped wp-block-gallery-1 is-layout-flex wp-block-gallery-is-layout-flex\"><ul class=\"blocks-gallery-grid\"><li class=\"blocks-gallery-item\"><figure><img decoding=\"async\" src=\"https:\/\/bambapolitica.com.mx\/wp-content\/uploads\/2021\/06\/2-2.jpg\" alt=\"\" data-id=\"25172\" data-full-url=\"https:\/\/bambapolitica.com.mx\/wp-content\/uploads\/2021\/06\/2-2.jpg\" data-link=\"https:\/\/bambapolitica.com.mx\/index.php\/2021\/06\/08\/nos-quieren-robar-el-triunfo-en-veracruz-morena\/2-2\/\" class=\"wp-image-25172\"\/><\/figure><\/li><li class=\"blocks-gallery-item\"><figure><img decoding=\"async\" src=\"https:\/\/bambapolitica.com.mx\/wp-content\/uploads\/2021\/06\/1-2.jpg\" alt=\"\" data-id=\"25171\" data-full-url=\"https:\/\/bambapolitica.com.mx\/wp-content\/uploads\/2021\/06\/1-2.jpg\" data-link=\"https:\/\/bambapolitica.com.mx\/index.php\/2021\/06\/08\/nos-quieren-robar-el-triunfo-en-veracruz-morena\/1-2\/\" class=\"wp-image-25171\"\/><\/figure><\/li><\/ul><\/figure>\n\n\n\n<p class=\"has-medium-font-size\"><a href=\"http:\/\/prep2021-ver.org.mx\/ayuntamientos\/192._veracruz\/secciones\/seccion4497\">http:\/\/prep2021-ver.org.mx\/ayuntamientos\/192._veracruz\/secciones\/seccion4497<\/a><\/p>\n\n\n\n<p class=\"has-medium-font-size\"><a href=\"http:\/\/prep2021-ver.org.mx\/ayuntamientos\/192._veracruz\/secciones\/seccion4495\">http:\/\/prep2021-ver.org.mx\/ayuntamientos\/192._veracruz\/secciones\/seccion4495<\/a><\/p>\n","protected":false},"excerpt":{"rendered":"<p>El equipo de campa\u00f1a del candidato de Morena-PT-PVEM a la alcald\u00eda de Veracruz, Ricardo Exsome,&#8230;<\/p>\n","protected":false},"author":4,"featured_media":0,"comment_status":"closed","ping_status":"closed","sticky":false,"template":"","format":"standard","meta":{"footnotes":""},"categories":[4],"tags":[],"class_list":["post-25175","post","type-post","status-publish","format-standard","hentry","category-noticias-del-dia"],"_links":{"self":[{"href":"https:\/\/bambapolitica.com.mx\/index.php\/wp-json\/wp\/v2\/posts\/25175","targetHints":{"allow":["GET"]}}],"collection":[{"href":"https:\/\/bambapolitica.com.mx\/index.php\/wp-json\/wp\/v2\/posts"}],"about":[{"href":"https:\/\/bambapolitica.com.mx\/index.php\/wp-json\/wp\/v2\/types\/post"}],"author":[{"embeddable":true,"href":"https:\/\/bambapolitica.com.mx\/index.php\/wp-json\/wp\/v2\/users\/4"}],"replies":[{"embeddable":true,"href":"https:\/\/bambapolitica.com.mx\/index.php\/wp-json\/wp\/v2\/comments?post=25175"}],"version-history":[{"count":2,"href":"https:\/\/bambapolitica.com.mx\/index.php\/wp-json\/wp\/v2\/posts\/25175\/revisions"}],"predecessor-version":[{"id":25250,"href":"https:\/\/bambapolitica.com.mx\/index.php\/wp-json\/wp\/v2\/posts\/25175\/revisions\/25250"}],"wp:attachment":[{"href":"https:\/\/bambapolitica.com.mx\/index.php\/wp-json\/wp\/v2\/media?parent=25175"}],"wp:term":[{"taxonomy":"category","embeddable":true,"href":"https:\/\/bambapolitica.com.mx\/index.php\/wp-json\/wp\/v2\/categories?post=25175"},{"taxonomy":"post_tag","embeddable":true,"href":"https:\/\/bambapolitica.com.mx\/index.php\/wp-json\/wp\/v2\/tags?post=25175"}],"curies":[{"name":"wp","href":"https:\/\/api.w.org\/{rel}","templated":true}]}}