{"id":25186,"date":"2021-06-08T09:26:45","date_gmt":"2021-06-08T15:26:45","guid":{"rendered":"http:\/\/bambapolitica.com.mx\/?p=25186"},"modified":"2021-06-08T09:26:46","modified_gmt":"2021-06-08T15:26:46","slug":"violencia-en-brasil-por-homicidio-de-narco","status":"publish","type":"post","link":"https:\/\/bambapolitica.com.mx\/index.php\/2021\/06\/08\/violencia-en-brasil-por-homicidio-de-narco\/","title":{"rendered":"Violencia en Brasil por homicidio de narco"},"content":{"rendered":"\n<p class=\"has-medium-font-size\"><strong>L<\/strong>a ciudad de Manaos, en la Amazonia brasile\u00f1a, registr\u00f3 una oleada de violencia luego de que la polic\u00eda abati\u00f3 al presunto narcotraficante Erick Batista Costa, alias&nbsp;<em>Dadinho.<\/em><\/p>\n\n\n\n<p class=\"has-medium-font-size\">Las autoridades suspendieron las clases y el transporte p\u00fablico en medio de una ola de vandalismo.<\/p>\n\n\n\n<p class=\"has-medium-font-size\">Decenas de autobuses, edificios p\u00fablicos, bancos y 21 veh\u00edculos particulares fueron atacados por una organizaci\u00f3n de tr\u00e1fico de drogas en represalia por el asesinato durante un tiroteo con la polic\u00eda, seg\u00fan el gobierno del estado de Amazonas.<\/p>\n\n\n\n<p class=\"has-medium-font-size\">Ante eso, el gobernador Wilson Lima solicit\u00f3 el despliegue de la guardia nacional.<\/p>\n\n\n\n<p class=\"has-medium-font-size\">Ayer, el secretario de seguridad del estado de Amazonas, Louismar Bonates, dijo que los ataques fueron ordenados desde grupos que operan la c\u00e1rcel.<\/p>\n\n\n\n<p class=\"has-medium-font-size\">El traficante fue asesinado por la polic\u00eda durante un enfrentamiento la noche del s\u00e1bado en un operativo en el barrio Reden\u00e7\u00e3o, al oeste de Manaos, reportaron ayer las autoridades locales.<\/p>\n\n\n\n<p class=\"has-medium-font-size\">Los asaltantes arrojaron bombas de gasolina en estaciones de autobuses y bancos y tambi\u00e9n quemaron llantas.<\/p>\n\n\n\n<p class=\"has-medium-font-size\">Por temor a los ataques, los comerciantes cerraron sus tiendas. No hubo informes de heridos.<\/p>\n\n\n\n<p class=\"has-medium-font-size\">Hasta el momento han sido arrestadas 29 personas sospechosas de llevar a cabo los ataques, seg\u00fan la secretar\u00eda de seguridad del estado de Amazonas.<\/p>\n\n\n\n<p class=\"has-medium-font-size\">&#8220;Hemos reforzado enormemente las patrullas\u2019\u2019, inform\u00f3 Bonates, y agreg\u00f3 que la polic\u00eda ha establecido puntos de control en la capital y el estado.<\/p>\n","protected":false},"excerpt":{"rendered":"<p>La ciudad de Manaos, en la Amazonia brasile\u00f1a, registr\u00f3 una oleada de violencia luego de&#8230;<\/p>\n","protected":false},"author":4,"featured_media":0,"comment_status":"closed","ping_status":"closed","sticky":false,"template":"","format":"standard","meta":{"footnotes":""},"categories":[5],"tags":[],"class_list":["post-25186","post","type-post","status-publish","format-standard","hentry","category-internacional"],"_links":{"self":[{"href":"https:\/\/bambapolitica.com.mx\/index.php\/wp-json\/wp\/v2\/posts\/25186","targetHints":{"allow":["GET"]}}],"collection":[{"href":"https:\/\/bambapolitica.com.mx\/index.php\/wp-json\/wp\/v2\/posts"}],"about":[{"href":"https:\/\/bambapolitica.com.mx\/index.php\/wp-json\/wp\/v2\/types\/post"}],"author":[{"embeddable":true,"href":"https:\/\/bambapolitica.com.mx\/index.php\/wp-json\/wp\/v2\/users\/4"}],"replies":[{"embeddable":true,"href":"https:\/\/bambapolitica.com.mx\/index.php\/wp-json\/wp\/v2\/comments?post=25186"}],"version-history":[{"count":1,"href":"https:\/\/bambapolitica.com.mx\/index.php\/wp-json\/wp\/v2\/posts\/25186\/revisions"}],"predecessor-version":[{"id":25188,"href":"https:\/\/bambapolitica.com.mx\/index.php\/wp-json\/wp\/v2\/posts\/25186\/revisions\/25188"}],"wp:attachment":[{"href":"https:\/\/bambapolitica.com.mx\/index.php\/wp-json\/wp\/v2\/media?parent=25186"}],"wp:term":[{"taxonomy":"category","embeddable":true,"href":"https:\/\/bambapolitica.com.mx\/index.php\/wp-json\/wp\/v2\/categories?post=25186"},{"taxonomy":"post_tag","embeddable":true,"href":"https:\/\/bambapolitica.com.mx\/index.php\/wp-json\/wp\/v2\/tags?post=25186"}],"curies":[{"name":"wp","href":"https:\/\/api.w.org\/{rel}","templated":true}]}}