{"id":25465,"date":"2021-06-11T10:41:09","date_gmt":"2021-06-11T16:41:09","guid":{"rendered":"http:\/\/bambapolitica.com.mx\/?p=25465"},"modified":"2021-06-11T10:41:09","modified_gmt":"2021-06-11T16:41:09","slug":"fallece-motociclista-al-chocar-contra-camioneta-en-lomas-de-chapultepec","status":"publish","type":"post","link":"https:\/\/bambapolitica.com.mx\/index.php\/2021\/06\/11\/fallece-motociclista-al-chocar-contra-camioneta-en-lomas-de-chapultepec\/","title":{"rendered":"Fallece motociclista al chocar contra camioneta en Lomas de Chapultepec"},"content":{"rendered":"\n<p class=\"has-medium-font-size\">Elementos de la Secretar\u00eda de Seguridad Ciudadana (SSC) de la Ciudad de M\u00e9xico detuvieron al conductor de una camioneta tras presuntamente&nbsp;impactar&nbsp;a un motociclista que falleci\u00f3 en calles de la alcald\u00eda Miguel Hidalgo.&nbsp;<\/p>\n\n\n\n<p class=\"has-medium-font-size\">Los polic\u00edas atendieron la emergencia de una persona lesionada sobre la avenida Paseo de la Reforma y calle Montes Auvernia, en la colonia Lomas de Chapultepec.<\/p>\n\n\n\n<p class=\"has-medium-font-size\">En el punto, observaron una motocicleta averiada y a un hombre inconsciente sobre el asfalto, por lo que solicitaron el apoyo m\u00e9dico.<\/p>\n\n\n\n<p class=\"has-medium-font-size\">Param\u00e9dicos de Protecci\u00f3n Civil que acudieron al sitio, diagnosticaron sin signos vitales por paro cardio respiratorio y politraumatismo al motociclista.<\/p>\n\n\n\n<p class=\"has-medium-font-size\">De inmediato, los oficiales acordonaron el \u00e1rea y solicitaron la presencia de las autoridades ministeriales correspondientes.<\/p>\n\n\n\n<p class=\"has-medium-font-size\">En tanto, se entrevistaron con el conductor de una camioneta color blanco, quien manifest\u00f3 que al circular sobre la intersecci\u00f3n vial referida, no se percat\u00f3 de la motocicleta y la impact\u00f3.<\/p>\n\n\n\n<p class=\"has-medium-font-size\">Por tales hechos, el hombre de 40 a\u00f1os de edad fue detenido y presentado ante el agente del Ministerio P\u00fablico, quien realizar\u00e1 la investigaci\u00f3n correspondiente y determinar\u00e1 su situaci\u00f3n legal.<\/p>\n","protected":false},"excerpt":{"rendered":"<p>Elementos de la Secretar\u00eda de Seguridad Ciudadana (SSC) de la Ciudad de M\u00e9xico detuvieron al&#8230;<\/p>\n","protected":false},"author":4,"featured_media":0,"comment_status":"closed","ping_status":"closed","sticky":false,"template":"","format":"standard","meta":{"footnotes":""},"categories":[2],"tags":[],"class_list":["post-25465","post","type-post","status-publish","format-standard","hentry","category-policiaca"],"_links":{"self":[{"href":"https:\/\/bambapolitica.com.mx\/index.php\/wp-json\/wp\/v2\/posts\/25465","targetHints":{"allow":["GET"]}}],"collection":[{"href":"https:\/\/bambapolitica.com.mx\/index.php\/wp-json\/wp\/v2\/posts"}],"about":[{"href":"https:\/\/bambapolitica.com.mx\/index.php\/wp-json\/wp\/v2\/types\/post"}],"author":[{"embeddable":true,"href":"https:\/\/bambapolitica.com.mx\/index.php\/wp-json\/wp\/v2\/users\/4"}],"replies":[{"embeddable":true,"href":"https:\/\/bambapolitica.com.mx\/index.php\/wp-json\/wp\/v2\/comments?post=25465"}],"version-history":[{"count":1,"href":"https:\/\/bambapolitica.com.mx\/index.php\/wp-json\/wp\/v2\/posts\/25465\/revisions"}],"predecessor-version":[{"id":25471,"href":"https:\/\/bambapolitica.com.mx\/index.php\/wp-json\/wp\/v2\/posts\/25465\/revisions\/25471"}],"wp:attachment":[{"href":"https:\/\/bambapolitica.com.mx\/index.php\/wp-json\/wp\/v2\/media?parent=25465"}],"wp:term":[{"taxonomy":"category","embeddable":true,"href":"https:\/\/bambapolitica.com.mx\/index.php\/wp-json\/wp\/v2\/categories?post=25465"},{"taxonomy":"post_tag","embeddable":true,"href":"https:\/\/bambapolitica.com.mx\/index.php\/wp-json\/wp\/v2\/tags?post=25465"}],"curies":[{"name":"wp","href":"https:\/\/api.w.org\/{rel}","templated":true}]}}