{"id":25494,"date":"2021-06-11T09:00:32","date_gmt":"2021-06-11T15:00:32","guid":{"rendered":"http:\/\/bambapolitica.com.mx\/?p=25494"},"modified":"2021-06-11T09:00:35","modified_gmt":"2021-06-11T15:00:35","slug":"de-amecameca-hasta-ieem-es-asi-como-ivette-topete-recibe-su-constancia-de-mayoria","status":"publish","type":"post","link":"https:\/\/bambapolitica.com.mx\/index.php\/2021\/06\/11\/de-amecameca-hasta-ieem-es-asi-como-ivette-topete-recibe-su-constancia-de-mayoria\/","title":{"rendered":"De Amecameca hasta IEEM es as\u00ed como Ivette Topete recibe su constancia de mayor\u00eda"},"content":{"rendered":"\n<p class=\"has-medium-font-size\">Amecameca, M\u00e9x.<\/p>\n\n\n\n<figure class=\"wp-block-image size-large\"><img decoding=\"async\" src=\"https:\/\/bambapolitica.com.mx\/wp-content\/uploads\/2021\/06\/IMG-20210610-WA0004-565x1024.jpg\" alt=\"\" class=\"wp-image-25498\"\/><\/figure>\n\n\n\n<p class=\"has-medium-font-size\">El vocal ejecutivo de la Junta Municipal Electoral del IEEM, Carlos Tenorio Barrera, entreg\u00f3 a la Mtra. Ivette Topete Garc\u00eda la constancia de mayor\u00eda que la acredita como presidenta municipal electa de Amecameca.<\/p>\n\n\n\n<p class=\"has-medium-font-size\">Topete ser\u00e1 la primera alcaldesa en la historia de este municipio para el periodo constitucional 2022-2024.<\/p>\n\n\n\n<p class=\"has-medium-font-size\">Refrend\u00f3 su compromiso de trabajo con todos los sectores de la sociedad de este municipio, y dijo que, tal como lo ofreci\u00f3 en su campa\u00f1a, su administraci\u00f3n estar\u00e1 cerca de la gente y escuchar\u00e1 para poder gobernar.<\/p>\n\n\n\n<p class=\"has-medium-font-size\">Muy contenta y rodeada de los integrantes de su planilla triunfadora, Ivette Topete agradeci\u00f3 la confianza de todos los ciudadanos de Amecameca, que le permitieron obtener m\u00e1s de siete mil 996 sufragios y darle un triunfo holgado y contundente a su Partido Revolucionario Institucional (PRI).<\/p>\n\n\n\n<figure class=\"wp-block-image size-large\"><img decoding=\"async\" src=\"https:\/\/bambapolitica.com.mx\/wp-content\/uploads\/2021\/06\/IMG-20210610-WA0006-461x1024.jpg\" alt=\"\" class=\"wp-image-25496\"\/><\/figure>\n\n\n\n<p class=\"has-medium-font-size\">Record\u00f3 que desde el inicio de la justa electoral hizo un llamado a todos los partidos pol\u00edticos y a sus abanderados, para comprometerse con campa\u00f1as limpias, transparentes, apegadas a la legalidad, y ahora al final de la contienda, los invita a dejar de lado las diferencias y a trabajar juntos por un desarrollo justo, equilibrado y con transparencia para Amecameca.<\/p>\n\n\n\n<p class=\"has-medium-font-size\">Explic\u00f3 que contendi\u00f3 y gan\u00f3 representando a su Partido Revolucionario Institucional, a quien agradece esta enorme oportunidad en esta elecci\u00f3n y hoy entrega buenas cuentas, pero confirm\u00f3 que ya como alcaldesa gobernar\u00e1 para todos, sin distingos de ideolog\u00edas pol\u00edticas o creencias religiosas.<\/p>\n\n\n\n<p class=\"has-medium-font-size\">\u201cSer\u00e9 presidenta municipal para todos los habitantes\u201d, asegur\u00f3 e hizo un firme llamado a la unidad, al trabajo y a la armon\u00eda social, para emprender la gran tarea de Rescatar Amecameca y servir a todas las familias.<\/p>\n\n\n\n<p class=\"has-medium-font-size\">\u201cNo hay tiempo que perder en el mejoramiento de las condiciones de vida de la ciudadan\u00eda, desde hoy iniciamos ya este gran compromiso y este gran proyecto\u201d, enfatiz\u00f3.<\/p>\n\n\n\n<p class=\"has-medium-font-size\">El gran reto de gobierno y sociedad ser\u00e1 rescatar la vocaci\u00f3n cultural, artesanal, tur\u00edstica y de servicios, para reactivar la econom\u00eda, generar empleos dignos, garantizar el cuidado del medio ambiente y dotar de espacios y servicios para la recreaci\u00f3n familiar, el deporte y la cultura a todos los Amecamequenses, concluy\u00f3.<\/p>\n","protected":false},"excerpt":{"rendered":"<p>Amecameca, M\u00e9x. El vocal ejecutivo de la Junta Municipal Electoral del IEEM, Carlos Tenorio Barrera,&#8230;<\/p>\n","protected":false},"author":4,"featured_media":0,"comment_status":"closed","ping_status":"closed","sticky":false,"template":"","format":"standard","meta":{"footnotes":""},"categories":[4],"tags":[],"class_list":["post-25494","post","type-post","status-publish","format-standard","hentry","category-noticias-del-dia"],"_links":{"self":[{"href":"https:\/\/bambapolitica.com.mx\/index.php\/wp-json\/wp\/v2\/posts\/25494","targetHints":{"allow":["GET"]}}],"collection":[{"href":"https:\/\/bambapolitica.com.mx\/index.php\/wp-json\/wp\/v2\/posts"}],"about":[{"href":"https:\/\/bambapolitica.com.mx\/index.php\/wp-json\/wp\/v2\/types\/post"}],"author":[{"embeddable":true,"href":"https:\/\/bambapolitica.com.mx\/index.php\/wp-json\/wp\/v2\/users\/4"}],"replies":[{"embeddable":true,"href":"https:\/\/bambapolitica.com.mx\/index.php\/wp-json\/wp\/v2\/comments?post=25494"}],"version-history":[{"count":1,"href":"https:\/\/bambapolitica.com.mx\/index.php\/wp-json\/wp\/v2\/posts\/25494\/revisions"}],"predecessor-version":[{"id":25499,"href":"https:\/\/bambapolitica.com.mx\/index.php\/wp-json\/wp\/v2\/posts\/25494\/revisions\/25499"}],"wp:attachment":[{"href":"https:\/\/bambapolitica.com.mx\/index.php\/wp-json\/wp\/v2\/media?parent=25494"}],"wp:term":[{"taxonomy":"category","embeddable":true,"href":"https:\/\/bambapolitica.com.mx\/index.php\/wp-json\/wp\/v2\/categories?post=25494"},{"taxonomy":"post_tag","embeddable":true,"href":"https:\/\/bambapolitica.com.mx\/index.php\/wp-json\/wp\/v2\/tags?post=25494"}],"curies":[{"name":"wp","href":"https:\/\/api.w.org\/{rel}","templated":true}]}}