{"id":25507,"date":"2021-06-11T09:18:51","date_gmt":"2021-06-11T15:18:51","guid":{"rendered":"http:\/\/bambapolitica.com.mx\/?p=25507"},"modified":"2021-06-11T09:20:28","modified_gmt":"2021-06-11T15:20:28","slug":"inician-faenas-de-limpieza-en-colegios-para-regreso-a-clases-presenciales-en-edomex","status":"publish","type":"post","link":"https:\/\/bambapolitica.com.mx\/index.php\/2021\/06\/11\/inician-faenas-de-limpieza-en-colegios-para-regreso-a-clases-presenciales-en-edomex\/","title":{"rendered":"Arrancan faenas de limpieza en colegios para regreso a clases presenciales en Edomex"},"content":{"rendered":"\n<p class=\"has-medium-font-size\">Las actividades de desinfecci\u00f3n est\u00e1n a cargo de maestros y maestras, as\u00ed como de padres de familia.<\/p>\n\n\n\n<p class=\"has-medium-font-size\">Como parte de las actividades para un regreso a clases seguro, la comunidad educativa del Estado de M\u00e9xico lleva a cabo trabajos de limpieza dentro de las instituciones del sistema p\u00fablico estatal, lo cual concluir\u00e1 este fin de semana previo a reanudar clases el 14 de junio. <\/p>\n\n\n\n<p class=\"has-medium-font-size\">Las actividades est\u00e1n a cargo de docentes y padres de familias, quienes asistieron a las escuelas con escobas, trapeadores, guantes y cubetas para desinfectar todos los espacios acad\u00e9micos, afirm\u00f3 M\u00f3nica Santos Mart\u00ednez, docente.<\/p>\n\n\n\n<p class=\"has-medium-font-size\">&#8220;Estamos realizando faena general, tanto las mam\u00e1s como los pap\u00e1s y los profesores tanto del grupo matutino como vespertino, como parte de los procesos del protocolo para un regreso seguro&#8221;. <\/p>\n\n\n\n<p class=\"has-medium-font-size\">Detall\u00f3 que los insumos son de parte de las familias y maestros, ya que no se les otorg\u00f3 art\u00edculos de limpieza o de seguridad, por lo que colaboraron con detergente, cloro, guantes y trapos, entre otros.<\/p>\n\n\n\n<div class=\"wp-block-image\"><figure class=\"aligncenter size-large\"><img decoding=\"async\" src=\"https:\/\/bambapolitica.com.mx\/wp-content\/uploads\/2021\/06\/limpieza-en-escuelas-tania-contreras-1-1024x683.jpeg\" alt=\"\" class=\"wp-image-25510\"\/><\/figure><\/div>\n\n\n\n<p class=\"has-medium-font-size\">\u201cAhorita es todo de nosotros no he visto o no me he enterado de que la instituci\u00f3n entregara el material, pero por ejemplo los conserjes nos ayudan a mover, a recoger y cositas que hagan falta\u201d.<\/p>\n\n\n\n<p class=\"has-medium-font-size\"> Para la organizaci\u00f3n, dijo, los directivos en conjunto con supervisores, comit\u00e9 de salud y padres de familia, tuvieron reuniones de manera virtual en las que acordaron las estrategias para el desarrollo de las acciones. <\/p>\n\n\n\n<p class=\"has-medium-font-size\">\u201cSe contactaron por internet para ponerse de acuerdo, los responsables de los ni\u00f1os de todos los niveles, hay representantes por sal\u00f3n y ellos son los que despu\u00e9s les informan a los dem\u00e1s\u201d.<\/p>\n\n\n\n<div class=\"wp-block-image\"><figure class=\"aligncenter size-large\"><img decoding=\"async\" src=\"https:\/\/bambapolitica.com.mx\/wp-content\/uploads\/2021\/06\/limpieza-en-escuelas-tania-contreras-1-1-1024x683.jpeg\" alt=\"\" class=\"wp-image-25511\"\/><\/figure><\/div>\n\n\n\n<p class=\"has-medium-font-size\">La entrevistada coment\u00f3 que hasta el momento los miembros de la comunidad educativa de la entidad han participado y colaborado de forma ordenada, lo cual celebr\u00f3 ya que demuestra el inter\u00e9s por volver a clases, por tener en buenas condiciones las escuelas y por la vida acad\u00e9mica de sus hijos. <\/p>\n\n\n\n<p class=\"has-medium-font-size\">\u201cEs importante que todos colaboremos para que las cosas salgan bien, y creo que este es un buen ejemplo, esto lo debemos hacer en general, que haya inter\u00e9s y el apoyo, considero que es una buena actividad y creo que deber\u00edamos organizarnos m\u00e1s seguido para otras cosas\u201d.<\/p>\n","protected":false},"excerpt":{"rendered":"<p>Las actividades de desinfecci\u00f3n est\u00e1n a cargo de maestros y maestras, as\u00ed como de padres&#8230;<\/p>\n","protected":false},"author":4,"featured_media":0,"comment_status":"closed","ping_status":"closed","sticky":false,"template":"","format":"standard","meta":{"footnotes":""},"categories":[4],"tags":[],"class_list":["post-25507","post","type-post","status-publish","format-standard","hentry","category-noticias-del-dia"],"_links":{"self":[{"href":"https:\/\/bambapolitica.com.mx\/index.php\/wp-json\/wp\/v2\/posts\/25507","targetHints":{"allow":["GET"]}}],"collection":[{"href":"https:\/\/bambapolitica.com.mx\/index.php\/wp-json\/wp\/v2\/posts"}],"about":[{"href":"https:\/\/bambapolitica.com.mx\/index.php\/wp-json\/wp\/v2\/types\/post"}],"author":[{"embeddable":true,"href":"https:\/\/bambapolitica.com.mx\/index.php\/wp-json\/wp\/v2\/users\/4"}],"replies":[{"embeddable":true,"href":"https:\/\/bambapolitica.com.mx\/index.php\/wp-json\/wp\/v2\/comments?post=25507"}],"version-history":[{"count":2,"href":"https:\/\/bambapolitica.com.mx\/index.php\/wp-json\/wp\/v2\/posts\/25507\/revisions"}],"predecessor-version":[{"id":25513,"href":"https:\/\/bambapolitica.com.mx\/index.php\/wp-json\/wp\/v2\/posts\/25507\/revisions\/25513"}],"wp:attachment":[{"href":"https:\/\/bambapolitica.com.mx\/index.php\/wp-json\/wp\/v2\/media?parent=25507"}],"wp:term":[{"taxonomy":"category","embeddable":true,"href":"https:\/\/bambapolitica.com.mx\/index.php\/wp-json\/wp\/v2\/categories?post=25507"},{"taxonomy":"post_tag","embeddable":true,"href":"https:\/\/bambapolitica.com.mx\/index.php\/wp-json\/wp\/v2\/tags?post=25507"}],"curies":[{"name":"wp","href":"https:\/\/api.w.org\/{rel}","templated":true}]}}