{"id":25520,"date":"2021-06-11T09:44:23","date_gmt":"2021-06-11T15:44:23","guid":{"rendered":"http:\/\/bambapolitica.com.mx\/?p=25520"},"modified":"2021-06-11T09:44:26","modified_gmt":"2021-06-11T15:44:26","slug":"tras-el-abierto-rechazo-de-ricardo-ahued","status":"publish","type":"post","link":"https:\/\/bambapolitica.com.mx\/index.php\/2021\/06\/11\/tras-el-abierto-rechazo-de-ricardo-ahued\/","title":{"rendered":"Tras el abierto rechazo de Ricardo Ahued!!!"},"content":{"rendered":"\n<p class=\"has-medium-font-size\">Decisi\u00f3n final de parqu\u00edmetros corresponder\u00e1 a la siguiente administraci\u00f3n: Hip\u00f3lito Rodr\u00edguez.<\/p>\n\n\n\n<ul class=\"wp-block-list\"><li>No voy a generar tensi\u00f3n ni dejar problemas a la pr\u00f3xima autoridad municipal.<\/li><li>Pr\u00f3ximo Alcalde lo decidir\u00eda con todas sus facultades el pr\u00f3ximo Alcalde con su Cabildo.<\/li><\/ul>\n\n\n\n<p class=\"has-medium-font-size\">Xalapa, Ver. 10 junio 2021.<\/p>\n\n\n\n<p class=\"has-medium-font-size\">La propuesta de instalar parqu\u00edmetros digitales en las calles del centro de Xalapa merece una consulta p\u00fablica, pero la decisi\u00f3n final corresponder\u00e1 a la siguiente administraci\u00f3n, afirm\u00f3 el presidente municipal Hip\u00f3lito Rodr\u00edguez Herrero. \u201cNo voy a generar tensi\u00f3n ni dejar problemas a las pr\u00f3ximas autoridades\u201d.<\/p>\n\n\n\n<p class=\"has-medium-font-size\">De acuerdo con Hip\u00f3lito Rodr\u00edguez, la instalaci\u00f3n de parqu\u00edmetros es una propuesta, y aunque una prueba piloto ser\u00eda muy \u00fatil, s\u00f3lo se celebrar\u00e1n foros para la reflexi\u00f3n sobre temas pendientes de resolver en beneficio de toda la poblaci\u00f3n.<\/p>\n\n\n\n<p class=\"has-medium-font-size\">Los parqu\u00edmetros virtuales funcionan mediante una aplicaci\u00f3n en el tel\u00e9fono m\u00f3vil y se han probado con \u00e9xito en otras ciudades de M\u00e9xico y del mundo. El tema principal no es recaudar, sino ayudar movilidad. Aunque los ingresos, que ser\u00edan fondos municipales, pueden destinarse al beneficio de algunos sectores sociales. \u201cPero eso reiter\u00f3 lo decidir\u00eda con todas sus facultades el pr\u00f3ximo Alcalde con su Cabildo.<\/p>\n\n\n\n<p class=\"has-medium-font-size\">Manifest\u00f3 que en breve se reunir\u00e1 con el alcalde electo, Ricardo Ahued, para conformar una mesa trabajo que permita una entrega\/recepci\u00f3n ordenada y una transici\u00f3n fluida.<\/p>\n\n\n\n<p class=\"has-medium-font-size\">\u201cEs un gusto que don Ricardo haya ganado de manera contundente, con m\u00e1s de 115 mil votos. Es un reconocimiento a su calidad e indica que la gente qued\u00f3 con buen sabor de boca cuando gobern\u00f3 por primera vez. Son buenos mensajes, pues trabajamos intensamente para atender a la ciudadan\u00eda\u201d.<\/p>\n","protected":false},"excerpt":{"rendered":"<p>Decisi\u00f3n final de parqu\u00edmetros corresponder\u00e1 a la siguiente administraci\u00f3n: Hip\u00f3lito Rodr\u00edguez. No voy a generar&#8230;<\/p>\n","protected":false},"author":4,"featured_media":0,"comment_status":"closed","ping_status":"closed","sticky":false,"template":"","format":"standard","meta":{"footnotes":""},"categories":[4],"tags":[],"class_list":["post-25520","post","type-post","status-publish","format-standard","hentry","category-noticias-del-dia"],"_links":{"self":[{"href":"https:\/\/bambapolitica.com.mx\/index.php\/wp-json\/wp\/v2\/posts\/25520","targetHints":{"allow":["GET"]}}],"collection":[{"href":"https:\/\/bambapolitica.com.mx\/index.php\/wp-json\/wp\/v2\/posts"}],"about":[{"href":"https:\/\/bambapolitica.com.mx\/index.php\/wp-json\/wp\/v2\/types\/post"}],"author":[{"embeddable":true,"href":"https:\/\/bambapolitica.com.mx\/index.php\/wp-json\/wp\/v2\/users\/4"}],"replies":[{"embeddable":true,"href":"https:\/\/bambapolitica.com.mx\/index.php\/wp-json\/wp\/v2\/comments?post=25520"}],"version-history":[{"count":1,"href":"https:\/\/bambapolitica.com.mx\/index.php\/wp-json\/wp\/v2\/posts\/25520\/revisions"}],"predecessor-version":[{"id":25522,"href":"https:\/\/bambapolitica.com.mx\/index.php\/wp-json\/wp\/v2\/posts\/25520\/revisions\/25522"}],"wp:attachment":[{"href":"https:\/\/bambapolitica.com.mx\/index.php\/wp-json\/wp\/v2\/media?parent=25520"}],"wp:term":[{"taxonomy":"category","embeddable":true,"href":"https:\/\/bambapolitica.com.mx\/index.php\/wp-json\/wp\/v2\/categories?post=25520"},{"taxonomy":"post_tag","embeddable":true,"href":"https:\/\/bambapolitica.com.mx\/index.php\/wp-json\/wp\/v2\/tags?post=25520"}],"curies":[{"name":"wp","href":"https:\/\/api.w.org\/{rel}","templated":true}]}}