{"id":25523,"date":"2021-06-11T10:41:28","date_gmt":"2021-06-11T16:41:28","guid":{"rendered":"http:\/\/bambapolitica.com.mx\/?p=25523"},"modified":"2021-06-11T10:41:29","modified_gmt":"2021-06-11T16:41:29","slug":"de-regreso-a-clases","status":"publish","type":"post","link":"https:\/\/bambapolitica.com.mx\/index.php\/2021\/06\/11\/de-regreso-a-clases\/","title":{"rendered":"De regreso a clases"},"content":{"rendered":"\n<h5 class=\"wp-block-heading\">&nbsp;LAURA ELENA GERDINGH<\/h5>\n\n\n\n<p class=\"has-medium-font-size\">&#8220;Nena tienes que preparar tu lunch para ma\u00f1ana.\u201d Hace m\u00e1s de un a\u00f1o que no se escuchaba esa frase en los hogares de este M\u00e9xico. La emoci\u00f3n flotaba en la cocina de mi casa. Fer, mi hija menor prepar\u00f3 su lunch, su mochila y lo m\u00e1s importante, su outfit, para regresar a clases en su \u00faltimo a\u00f1o de primaria que ser\u00e1 en esquema h\u00edbrido. Asistir\u00e1 a clases los lunes y mi\u00e9rcoles en su escuela.&nbsp; Los dem\u00e1s d\u00edas tomar\u00e1 las clases por zoom. Cuando la escuela nos pregunt\u00f3 qui\u00e9nes quer\u00edan asistir las \u00faltimas semanas de este ciclo escolar.&nbsp; Fer lo dud\u00f3.&nbsp; Yo no sab\u00eda que es importante ir retomando nuestras vidas,&nbsp; que la escuela tomar\u00eda las medidas sanitarias necesarias y nosotros reforzaremos su salud con algunas medidas.&nbsp; Sab\u00eda que despedirse de su escuela, amigos y maestros antes de irse a la secundaria es de vital importancia y que aprovecharemos la oportunidad que su escuela le da de hacerlo.&nbsp;<\/p>\n\n\n\n<p class=\"has-medium-font-size\">&nbsp;El lunes nos levantamos temprano. Me ba\u00f1\u00e9 y le prepare su desayuno.&nbsp; Termin\u00e9 de arreglarme en lo que ella desayuno. Lavarse los dientes, checar que no olvidaremos nada, cerrar la casa, salir corriendo.&nbsp; Esta ma\u00f1ana salir con prisa supo diferente.&nbsp; Supo a la melancol\u00eda de no haberlo hecho en meses, y a la alegr\u00eda de volver a la vida.&nbsp; En el coche Fer ven\u00eda muy nerviosa.&nbsp; \u00bfDe qu\u00e9?&nbsp; No lo sab\u00eda bien&#8230;&nbsp; la entiendo. Lo que antes era com\u00fan ahora da nervios, a veces miedo Es tan extra\u00f1o lo que hemos vivido, que ahora algo tan normal como ir a al escuela da nervios, salir del encierro de m\u00e1s de un a\u00f1o cargando su mochila para tomar clases presenciales parece toda una aventura que requiere de cierta valent\u00eda&nbsp; Esto me confirma que era importante que ella volviera a clases, que es importante irnos incorporando como cada quien vaya pudiendo, dependiendo de las situaciones personales y familiares.&nbsp; Como no encontramos tr\u00e1fico, llegamos con tiempo de sobra.&nbsp; \u201cTendr\u00e1s unos minutos para platicar antes de tus clases, hoy eso lo m\u00e1s importante.\u201d Le asegur\u00e9&nbsp; Claro que lo es, pues m\u00e1s all\u00e1 de lo que pueda aprender, este d\u00eda recuperar\u00e1 la posibilidad de platicar en persona con amigos. &nbsp; Para los adolescentes poder socializar es esencial.&nbsp; Hoy adem\u00e1s, podr\u00e1 sentir la presencia y la calidez de sus maestros&#8230;podr\u00e1 vivir lo que a su edad necesita vivir.&nbsp;<\/p>\n\n\n\n<p class=\"has-medium-font-size\">En la entrada de la puerta, como siempre, la directora, Miss Ofelia, estaba ya recibiendo a sus ni\u00f1os. Con la voz entrecortada por la emoci\u00f3n, le agradec\u00ed por abrir las puertas de la escuela a nuestros hijos y darle la oportunidad a Fer de despedirse de su querido Instituto Alexander Bain.&nbsp; Me desped\u00ed de Fer recomend\u00e1ndole que se divirtiera mucho y que disfrutara todo, le ped\u00ed que pusiera mucha atenci\u00f3n a cada detalle para que me lo cuente hoy por la tarde. Fer se baj\u00f3 y yo avanc\u00e9 con l\u00e1grimas en los ojos\u2026 como cuando la dej\u00e9 por primera vez para ir al kinder.&nbsp; Solo que aquellas l\u00e1grimas eran agridulces la emoci\u00f3n de que era ya ni\u00f1a grande de kinder y todo lo que iba a aprender y disfrutar y la tristeza de que yo la iba a extra\u00f1ar, las de hoy fueron de pura emoci\u00f3n y alegr\u00eda.&nbsp;<\/p>\n\n\n\n<p class=\"has-medium-font-size\">Por la tarde regres\u00f3 m\u00e1s feliz a\u00fan de lo que yo esperaba, sorprendida de lo bien que la hab\u00eda pasado.&nbsp; Todos hab\u00edan estado con \u00e1nimos de convivir, de platicar.&nbsp; Se divirtieron much\u00edsimo.&nbsp; En el recreo estuvo con Luisa, Luisa y Amaia.&nbsp; Lo mejor del d\u00eda\u2026.&nbsp; Y el relato que su vocecita alegre hac\u00eda llegar a mis o\u00eddos y a mi coraz\u00f3n llen\u00f3 la sobremesa de vida, como sol\u00eda ser antes del encierro por la pandemia.&nbsp; En verdad espero que las condiciones sanitarias permitan que el pr\u00f3ximo ciclo escolar todos los ni\u00f1os y adolescentes puedan regresar a la escuela.<\/p>\n","protected":false},"excerpt":{"rendered":"<p>&nbsp;LAURA ELENA GERDINGH &#8220;Nena tienes que preparar tu lunch para ma\u00f1ana.\u201d Hace m\u00e1s de un&#8230;<\/p>\n","protected":false},"author":4,"featured_media":0,"comment_status":"closed","ping_status":"closed","sticky":false,"template":"","format":"standard","meta":{"footnotes":""},"categories":[15],"tags":[],"class_list":["post-25523","post","type-post","status-publish","format-standard","hentry","category-opinion"],"_links":{"self":[{"href":"https:\/\/bambapolitica.com.mx\/index.php\/wp-json\/wp\/v2\/posts\/25523","targetHints":{"allow":["GET"]}}],"collection":[{"href":"https:\/\/bambapolitica.com.mx\/index.php\/wp-json\/wp\/v2\/posts"}],"about":[{"href":"https:\/\/bambapolitica.com.mx\/index.php\/wp-json\/wp\/v2\/types\/post"}],"author":[{"embeddable":true,"href":"https:\/\/bambapolitica.com.mx\/index.php\/wp-json\/wp\/v2\/users\/4"}],"replies":[{"embeddable":true,"href":"https:\/\/bambapolitica.com.mx\/index.php\/wp-json\/wp\/v2\/comments?post=25523"}],"version-history":[{"count":1,"href":"https:\/\/bambapolitica.com.mx\/index.php\/wp-json\/wp\/v2\/posts\/25523\/revisions"}],"predecessor-version":[{"id":25525,"href":"https:\/\/bambapolitica.com.mx\/index.php\/wp-json\/wp\/v2\/posts\/25523\/revisions\/25525"}],"wp:attachment":[{"href":"https:\/\/bambapolitica.com.mx\/index.php\/wp-json\/wp\/v2\/media?parent=25523"}],"wp:term":[{"taxonomy":"category","embeddable":true,"href":"https:\/\/bambapolitica.com.mx\/index.php\/wp-json\/wp\/v2\/categories?post=25523"},{"taxonomy":"post_tag","embeddable":true,"href":"https:\/\/bambapolitica.com.mx\/index.php\/wp-json\/wp\/v2\/tags?post=25523"}],"curies":[{"name":"wp","href":"https:\/\/api.w.org\/{rel}","templated":true}]}}