{"id":25708,"date":"2021-06-15T08:07:41","date_gmt":"2021-06-15T14:07:41","guid":{"rendered":"http:\/\/bambapolitica.com.mx\/?p=25708"},"modified":"2021-06-15T08:10:36","modified_gmt":"2021-06-15T14:10:36","slug":"fernando-gonzalez-recibio-su-constancia-de-mayoria-como-diputado-local-en-la-paz-chimalhuacan","status":"publish","type":"post","link":"https:\/\/bambapolitica.com.mx\/index.php\/2021\/06\/15\/fernando-gonzalez-recibio-su-constancia-de-mayoria-como-diputado-local-en-la-paz-chimalhuacan\/","title":{"rendered":"Fernando Gonz\u00e1lez recibi\u00f3 su constancia de mayor\u00eda como diputado local en La Paz &#8211; Chimalhuac\u00e1n"},"content":{"rendered":"\n<p class=\"has-medium-font-size\">LOS REYES, LA PAZ.<\/p>\n\n\n\n<p class=\"has-medium-font-size\">El licenciado Fernando Gonz\u00e1lez Mej\u00eda, abanderado del PRI, Fernando Gonz\u00e1lez Mej\u00eda, recibi\u00f3 su constancia de mayor\u00eda como leg\u00edtimo diputado por el distrito XXXI La Paz -Chimalhuac\u00e1n.<\/p>\n\n\n\n<p class=\"has-medium-font-size\">Durante el recibimiento de la constancia el diputado local, Gonz\u00e1lez Mej\u00eda, agradeci\u00f3 a los ciudadanos, l\u00edderes sociales y quienes se sumaron a su proyecto, se\u00f1alando &#8220;Tomaron una decisi\u00f3n correcta, porque les voy a cumplir en cada una de mis propuestas, que juntos las estaremos llevando a cabo&#8221;.<\/p>\n\n\n\n<p class=\"has-medium-font-size\">&#8220;Hoy iniciamos una nueva etapa donde hombres y mujeres comprometidos nos dan su mano amiga, por ello quiero decirles mi compromiso es con ustedes y ser\u00e9 un legislador de tiempo completo para dar resultados, por lo que agradezco la confianza que me brindaron en esta contienda electoral del pasado 6 de junio&#8221; asever\u00f3 el ya diputado local Fernando Gonz\u00e1lez.<\/p>\n\n\n\n<p class=\"has-medium-font-size\">Cabe se\u00f1alar que con esta<\/p>\n\n\n\n<p class=\"has-medium-font-size\">Acot\u00f3 tambi\u00e9n, que hoy iniciamos una nueva etapa donde hombres y mujeres comprometidos nos dan su mano amiga, por ello quiero decirles mi compromiso es con ustedes y ser\u00e9 un legislador de tiempo completo para dar resultados. Por lo que agradezco su confianza que me brindaron en esta contienda electoral del pasado 6 de junio.<\/p>\n","protected":false},"excerpt":{"rendered":"<p>LOS REYES, LA PAZ. El licenciado Fernando Gonz\u00e1lez Mej\u00eda, abanderado del PRI, Fernando Gonz\u00e1lez Mej\u00eda,&#8230;<\/p>\n","protected":false},"author":4,"featured_media":0,"comment_status":"closed","ping_status":"closed","sticky":false,"template":"","format":"standard","meta":{"footnotes":""},"categories":[4],"tags":[],"class_list":["post-25708","post","type-post","status-publish","format-standard","hentry","category-noticias-del-dia"],"_links":{"self":[{"href":"https:\/\/bambapolitica.com.mx\/index.php\/wp-json\/wp\/v2\/posts\/25708","targetHints":{"allow":["GET"]}}],"collection":[{"href":"https:\/\/bambapolitica.com.mx\/index.php\/wp-json\/wp\/v2\/posts"}],"about":[{"href":"https:\/\/bambapolitica.com.mx\/index.php\/wp-json\/wp\/v2\/types\/post"}],"author":[{"embeddable":true,"href":"https:\/\/bambapolitica.com.mx\/index.php\/wp-json\/wp\/v2\/users\/4"}],"replies":[{"embeddable":true,"href":"https:\/\/bambapolitica.com.mx\/index.php\/wp-json\/wp\/v2\/comments?post=25708"}],"version-history":[{"count":2,"href":"https:\/\/bambapolitica.com.mx\/index.php\/wp-json\/wp\/v2\/posts\/25708\/revisions"}],"predecessor-version":[{"id":25713,"href":"https:\/\/bambapolitica.com.mx\/index.php\/wp-json\/wp\/v2\/posts\/25708\/revisions\/25713"}],"wp:attachment":[{"href":"https:\/\/bambapolitica.com.mx\/index.php\/wp-json\/wp\/v2\/media?parent=25708"}],"wp:term":[{"taxonomy":"category","embeddable":true,"href":"https:\/\/bambapolitica.com.mx\/index.php\/wp-json\/wp\/v2\/categories?post=25708"},{"taxonomy":"post_tag","embeddable":true,"href":"https:\/\/bambapolitica.com.mx\/index.php\/wp-json\/wp\/v2\/tags?post=25708"}],"curies":[{"name":"wp","href":"https:\/\/api.w.org\/{rel}","templated":true}]}}