{"id":25716,"date":"2021-06-15T10:37:04","date_gmt":"2021-06-15T16:37:04","guid":{"rendered":"http:\/\/bambapolitica.com.mx\/?p=25716"},"modified":"2021-06-15T10:37:05","modified_gmt":"2021-06-15T16:37:05","slug":"nuevo-reves-para-astrazeneca-falla-tratamiento-con-anticuerpos-para-covid-19","status":"publish","type":"post","link":"https:\/\/bambapolitica.com.mx\/index.php\/2021\/06\/15\/nuevo-reves-para-astrazeneca-falla-tratamiento-con-anticuerpos-para-covid-19\/","title":{"rendered":"Nuevo rev\u00e9s para AstraZeneca: falla tratamiento con anticuerpos para covid-19"},"content":{"rendered":"\n<p class=\"has-medium-font-size\">El grupo farmac\u00e9utico anglo-sueco&nbsp;AstraZeneca&nbsp;anunci\u00f3 este martes que sufri\u00f3 un&nbsp;<strong>rev\u00e9s<\/strong>&nbsp;en el desarrollo de un&nbsp;tratamiento&nbsp;contra el&nbsp;covid-19, cuya&nbsp;eficacia&nbsp;en personas expuestas al&nbsp;virus&nbsp;no ha sido probada.<\/p>\n\n\n\n<p class=\"has-medium-font-size\">El&nbsp;tratamiento&nbsp;con&nbsp;anticuerpos, denominado&nbsp;AZD7442, apunta a&nbsp;prevenir&nbsp;y&nbsp;tratar&nbsp;la&nbsp;enfermedad&nbsp;pero no dio resultado.<\/p>\n\n\n\n<p class=\"has-medium-font-size\">&#8220;El ensayo no logr\u00f3 el objetivo principal de prevenir los casos sintom\u00e1ticos de covid-19 despu\u00e9s de la exposici\u00f3n al virus&#8221;, explic\u00f3 AstraZeneca en un comunicado.<\/p>\n\n\n\n<p class=\"has-medium-font-size\">El tratamiento se encontraba en la fase 3 de desarrollo, es decir, en ensayos cl\u00ednicos a gran escala para medir su seguridad y eficacia.<\/p>\n\n\n\n<p class=\"has-medium-font-size\">Los mil 121 participantes eran adultos mayores de 18 a\u00f1os que no estaban vacunados y que hab\u00edan estado expuestos a una persona infectada durante los ocho d\u00edas anteriores.<\/p>\n\n\n\n<p class=\"has-medium-font-size\">El tratamiento redujo el riesgo de desarrollar el covid-19 con s\u00edntomas s\u00f3lo en un 33%.<\/p>\n\n\n\n<p class=\"has-medium-font-size\">Los ensayos para evaluar el remedio en pacientes antes de la exposici\u00f3n al virus y en aquellos que han desarrollado formas graves contin\u00faan.<\/p>\n\n\n\n<p class=\"has-medium-font-size\">El desarrollo de este tratamiento est\u00e1 financiado por el gobierno de Estados Unidos, que a su vez hab\u00eda firmado acuerdos con AstraZeneca para recibir hasta 700 mil dosis este a\u00f1o.<\/p>\n\n\n\n<p class=\"has-medium-font-size\">En total, el valor de los acuerdos con Estados Unidos para el desarrollo del tratamiento y las dosis en 2021 alcanza los 726 millones de d\u00f3lares.<\/p>\n\n\n\n<h3 class=\"wp-block-heading\">En crisis<\/h3>\n\n\n\n<p class=\"has-medium-font-size\">En su comunicado de prensa, AstraZeneca indica que se est\u00e1n llevando a cabo discusiones &#8220;sobre los pr\u00f3ximos pasos con el gobierno de Estados Unidos&#8221;.<\/p>\n\n\n\n<p class=\"has-medium-font-size\">AstraZeneca sigue enfrentando problemas con su vacuna contra el covid-19, suspendida en varios pa\u00edses europeos despu\u00e9s de algunos problemas sangu\u00edneos en personas vacunadas.<\/p>\n\n\n\n<p class=\"has-medium-font-size\">Un alto funcionario de la Agencia Europea de Medicamentos (EMA) estim\u00f3 incluso que lo mejor ser\u00eda suspender la vacuna de AstraZeneca contra el covid-19 para todos los grupos de edad cuando hay alternativas disponibles.<\/p>\n\n\n\n<p class=\"has-medium-font-size\">Al mismo tiempo, un estudio publicado este lunes por las autoridades sanitarias brit\u00e1nicas afirm\u00f3 que dos dosis de las vacunas Pfizer\/BioNTech o AstraZeneca\/Oxford protegen en m\u00e1s del 90% contra las hospitalizaciones tras contraer la variante Delta del coronavirus surgida en India.<\/p>\n","protected":false},"excerpt":{"rendered":"<p>El grupo farmac\u00e9utico anglo-sueco&nbsp;AstraZeneca&nbsp;anunci\u00f3 este martes que sufri\u00f3 un&nbsp;rev\u00e9s&nbsp;en el desarrollo de un&nbsp;tratamiento&nbsp;contra el&nbsp;covid-19, cuya&nbsp;eficacia&nbsp;en&#8230;<\/p>\n","protected":false},"author":4,"featured_media":0,"comment_status":"closed","ping_status":"closed","sticky":false,"template":"","format":"standard","meta":{"footnotes":""},"categories":[5],"tags":[],"class_list":["post-25716","post","type-post","status-publish","format-standard","hentry","category-internacional"],"_links":{"self":[{"href":"https:\/\/bambapolitica.com.mx\/index.php\/wp-json\/wp\/v2\/posts\/25716","targetHints":{"allow":["GET"]}}],"collection":[{"href":"https:\/\/bambapolitica.com.mx\/index.php\/wp-json\/wp\/v2\/posts"}],"about":[{"href":"https:\/\/bambapolitica.com.mx\/index.php\/wp-json\/wp\/v2\/types\/post"}],"author":[{"embeddable":true,"href":"https:\/\/bambapolitica.com.mx\/index.php\/wp-json\/wp\/v2\/users\/4"}],"replies":[{"embeddable":true,"href":"https:\/\/bambapolitica.com.mx\/index.php\/wp-json\/wp\/v2\/comments?post=25716"}],"version-history":[{"count":2,"href":"https:\/\/bambapolitica.com.mx\/index.php\/wp-json\/wp\/v2\/posts\/25716\/revisions"}],"predecessor-version":[{"id":25775,"href":"https:\/\/bambapolitica.com.mx\/index.php\/wp-json\/wp\/v2\/posts\/25716\/revisions\/25775"}],"wp:attachment":[{"href":"https:\/\/bambapolitica.com.mx\/index.php\/wp-json\/wp\/v2\/media?parent=25716"}],"wp:term":[{"taxonomy":"category","embeddable":true,"href":"https:\/\/bambapolitica.com.mx\/index.php\/wp-json\/wp\/v2\/categories?post=25716"},{"taxonomy":"post_tag","embeddable":true,"href":"https:\/\/bambapolitica.com.mx\/index.php\/wp-json\/wp\/v2\/tags?post=25716"}],"curies":[{"name":"wp","href":"https:\/\/api.w.org\/{rel}","templated":true}]}}