{"id":25768,"date":"2021-06-15T10:11:19","date_gmt":"2021-06-15T16:11:19","guid":{"rendered":"http:\/\/bambapolitica.com.mx\/?p=25768"},"modified":"2021-06-15T10:11:21","modified_gmt":"2021-06-15T16:11:21","slug":"gobierno-de-valle-de-chalco-da-inicio-al-programa-regreso-seguro-a-clases","status":"publish","type":"post","link":"https:\/\/bambapolitica.com.mx\/index.php\/2021\/06\/15\/gobierno-de-valle-de-chalco-da-inicio-al-programa-regreso-seguro-a-clases\/","title":{"rendered":"Gobierno de Valle de Chalco da inicio al programa \u2019Regreso Seguro a Clases\u2019"},"content":{"rendered":"\n<p class=\"has-medium-font-size\">En su primera etapa atender\u00e1 cerca de 40 escuelas de nivel preescolar y b\u00e1sico.<\/p>\n\n\n\n<p class=\"has-medium-font-size\">Ante la reapertura paulatina de las actividades escolares y el regreso escalonado a las aulas, por motivo del color verde del sem\u00e1foro epidemiol\u00f3gico, el gobierno de Valle de Chalco Solidaridad pone en marcha el programa \u2019Regreso Seguro a Clases\u2019.<\/p>\n\n\n\n<p class=\"has-medium-font-size\">En la ejecuci\u00f3n de esta iniciativa, promovida por la Presidencia Municipal, participan todas las direcciones de la Administraci\u00f3n 2019-2021, ya que su prop\u00f3sito es coadyuvar a las autoridades educativas para que los estudiantes puedan retornar a las aulas con el menor riesgo.<\/p>\n\n\n\n<p class=\"has-medium-font-size\">Los trabajos efectuados en los planteles escolares, incluyen sanitizaci\u00f3n de los salones y ba\u00f1os, poda de \u00e1rboles, mantenimiento a las jardineras y \u00e1reas verdes, corte de maleza, limpieza de mobiliario utilitario y espacios de convivencia, juegos infantiles, y dem\u00e1s.<\/p>\n\n\n\n<p class=\"has-medium-font-size\">Se prev\u00e9 que en esta primera etapa del programa, cerca de 40 escuelas sean atendidas, entre las que hay preescolares, primarias y secundarias, distribuidas a lo largo del territorio municipal.<\/p>\n\n\n\n<p class=\"has-medium-font-size\">Benefici\u00e1ndose a la poblaci\u00f3n escolar de las colonias Carlos Salinas de Gortari, UH Geovillas La Asunci\u00f3n, Dar\u00edo Mart\u00ednez II, Av\u00e1ndaro, El Triunfo, Guadalupana I y II, Providencia, San Isidro, Independencia, Santa Cruz, Concepci\u00f3n, Ni\u00f1os H\u00e9roes I y II, El Agostadero, y Mar\u00eda Isabel.<\/p>\n","protected":false},"excerpt":{"rendered":"<p>En su primera etapa atender\u00e1 cerca de 40 escuelas de nivel preescolar y b\u00e1sico. Ante&#8230;<\/p>\n","protected":false},"author":4,"featured_media":0,"comment_status":"closed","ping_status":"closed","sticky":false,"template":"","format":"standard","meta":{"footnotes":""},"categories":[4],"tags":[],"class_list":["post-25768","post","type-post","status-publish","format-standard","hentry","category-noticias-del-dia"],"_links":{"self":[{"href":"https:\/\/bambapolitica.com.mx\/index.php\/wp-json\/wp\/v2\/posts\/25768","targetHints":{"allow":["GET"]}}],"collection":[{"href":"https:\/\/bambapolitica.com.mx\/index.php\/wp-json\/wp\/v2\/posts"}],"about":[{"href":"https:\/\/bambapolitica.com.mx\/index.php\/wp-json\/wp\/v2\/types\/post"}],"author":[{"embeddable":true,"href":"https:\/\/bambapolitica.com.mx\/index.php\/wp-json\/wp\/v2\/users\/4"}],"replies":[{"embeddable":true,"href":"https:\/\/bambapolitica.com.mx\/index.php\/wp-json\/wp\/v2\/comments?post=25768"}],"version-history":[{"count":1,"href":"https:\/\/bambapolitica.com.mx\/index.php\/wp-json\/wp\/v2\/posts\/25768\/revisions"}],"predecessor-version":[{"id":25770,"href":"https:\/\/bambapolitica.com.mx\/index.php\/wp-json\/wp\/v2\/posts\/25768\/revisions\/25770"}],"wp:attachment":[{"href":"https:\/\/bambapolitica.com.mx\/index.php\/wp-json\/wp\/v2\/media?parent=25768"}],"wp:term":[{"taxonomy":"category","embeddable":true,"href":"https:\/\/bambapolitica.com.mx\/index.php\/wp-json\/wp\/v2\/categories?post=25768"},{"taxonomy":"post_tag","embeddable":true,"href":"https:\/\/bambapolitica.com.mx\/index.php\/wp-json\/wp\/v2\/tags?post=25768"}],"curies":[{"name":"wp","href":"https:\/\/api.w.org\/{rel}","templated":true}]}}