{"id":25827,"date":"2021-06-16T10:45:22","date_gmt":"2021-06-16T16:45:22","guid":{"rendered":"http:\/\/bambapolitica.com.mx\/?p=25827"},"modified":"2021-06-16T10:45:25","modified_gmt":"2021-06-16T16:45:25","slug":"yunes-marquez-grabo-spot-en-torre-centro","status":"publish","type":"post","link":"https:\/\/bambapolitica.com.mx\/index.php\/2021\/06\/16\/yunes-marquez-grabo-spot-en-torre-centro\/","title":{"rendered":"Yunes M\u00e1rquez &#8220;Grab\u00f3 Spot&#8221; en Torre Centro"},"content":{"rendered":"\n<p class=\"has-medium-font-size\">Juan Tirado<\/p>\n\n\n\n<p class=\"has-medium-font-size\">Tras el deslinde de la Familia Yunes M\u00e1rquez este martes por medio de Fernando Yunes quien tach\u00f3 de rid\u00edculas las versiones que ligan a su familia con la propiedad de la pol\u00e9mica &#8220;Torre Centro&#8221;, ahora se sabe que su hermano el &#8220;Delincuente Electoral&#8221; grab\u00f3 el pasado 13 de mayo un spot para su fallida campa\u00f1a electoral en uno de los pisos m\u00e1s altos de dicha construcci\u00f3n, para ser m\u00e1s espec\u00edficos en uno de los Pent-House que este habitar\u00e1 cuando est\u00e9 concluido el nuevo proyecto de la famiglia.<\/p>\n\n\n\n<figure class=\"wp-block-gallery columns-1 is-cropped wp-block-gallery-1 is-layout-flex wp-block-gallery-is-layout-flex\"><ul class=\"blocks-gallery-grid\"><li class=\"blocks-gallery-item\"><figure><img decoding=\"async\" src=\"https:\/\/bambapolitica.com.mx\/wp-content\/uploads\/2021\/06\/3-3.jpg\" alt=\"\" data-id=\"25817\" data-full-url=\"https:\/\/bambapolitica.com.mx\/wp-content\/uploads\/2021\/06\/3-3.jpg\" data-link=\"https:\/\/bambapolitica.com.mx\/index.php\/2021\/06\/16\/rascacielos-incomodo\/3-2\/\" class=\"wp-image-25817\"\/><\/figure><\/li><\/ul><\/figure>\n\n\n\n<figure class=\"wp-block-gallery columns-1 is-cropped wp-block-gallery-2 is-layout-flex wp-block-gallery-is-layout-flex\"><ul class=\"blocks-gallery-grid\"><li class=\"blocks-gallery-item\"><figure><img decoding=\"async\" src=\"https:\/\/bambapolitica.com.mx\/wp-content\/uploads\/2021\/06\/2-4.jpg\" alt=\"\" data-id=\"25818\" data-full-url=\"https:\/\/bambapolitica.com.mx\/wp-content\/uploads\/2021\/06\/2-4.jpg\" data-link=\"https:\/\/bambapolitica.com.mx\/index.php\/2021\/06\/16\/rascacielos-incomodo\/2-4\/\" class=\"wp-image-25818\"\/><\/figure><\/li><li class=\"blocks-gallery-item\"><figure><img decoding=\"async\" src=\"https:\/\/bambapolitica.com.mx\/wp-content\/uploads\/2021\/06\/5-1.jpg\" alt=\"\" data-id=\"25815\" data-full-url=\"https:\/\/bambapolitica.com.mx\/wp-content\/uploads\/2021\/06\/5-1.jpg\" data-link=\"https:\/\/bambapolitica.com.mx\/index.php\/2021\/06\/16\/rascacielos-incomodo\/attachment\/5\/\" class=\"wp-image-25815\"\/><\/figure><\/li><li class=\"blocks-gallery-item\"><figure><img decoding=\"async\" src=\"https:\/\/bambapolitica.com.mx\/wp-content\/uploads\/2021\/06\/1-6.jpg\" alt=\"\" data-id=\"25820\" data-full-url=\"https:\/\/bambapolitica.com.mx\/wp-content\/uploads\/2021\/06\/1-6.jpg\" data-link=\"https:\/\/bambapolitica.com.mx\/index.php\/2021\/06\/16\/rascacielos-incomodo\/1-6\/\" class=\"wp-image-25820\"\/><\/figure><\/li><\/ul><\/figure>\n\n\n\n<p class=\"has-medium-font-size\">Y es que como buenos ladrones de elecciones, c\u00ednicos y pillos, al darse cuenta del esc\u00e1ndalo que estall\u00f3 al inicio de esta semana con dicha propiedad en boca del Presidente L\u00f3pez Obrador, donde se les vincula directamente con un tema de lavado dinero, tr\u00e1fico de influencias, falta de permisos, y un largo etc etc etc, pues han salido a decir por medio de sus voceros y plum\u00edferos a sueldo que todo son infamias y mentiras, lo que a todas luces es un hecho, esa construcci\u00f3n es de ellos.<\/p>\n\n\n\n<p class=\"has-medium-font-size\">Aqu\u00ed en esta liga podr\u00e1n ver claramente como esta grab\u00f3 dicho spot (el 13 de mayo) en las alturas de la llamada &#8220;Torre Centro&#8221;, lo que confirma la relaci\u00f3n directa de la Familia Yunes M\u00e1rquez con el proyecto, con los prestanombres y con dicha inversi\u00f3n millonaria, por medio de la cual est\u00e1n lavando el dinero que se han robado a su paso por los cargos p\u00fablicos que han ocupado.<\/p>\n\n\n\n<figure class=\"wp-block-embed-twitter wp-block-embed is-type-rich is-provider-twitter\"><div class=\"wp-block-embed__wrapper\">\nhttps:\/\/twitter.com\/MYunesMarquez\/status\/1392855240043491334?s=20\n<\/div><\/figure>\n","protected":false},"excerpt":{"rendered":"<p>Juan Tirado Tras el deslinde de la Familia Yunes M\u00e1rquez este martes por medio de&#8230;<\/p>\n","protected":false},"author":4,"featured_media":0,"comment_status":"closed","ping_status":"closed","sticky":false,"template":"","format":"standard","meta":{"footnotes":""},"categories":[4],"tags":[],"class_list":["post-25827","post","type-post","status-publish","format-standard","hentry","category-noticias-del-dia"],"_links":{"self":[{"href":"https:\/\/bambapolitica.com.mx\/index.php\/wp-json\/wp\/v2\/posts\/25827","targetHints":{"allow":["GET"]}}],"collection":[{"href":"https:\/\/bambapolitica.com.mx\/index.php\/wp-json\/wp\/v2\/posts"}],"about":[{"href":"https:\/\/bambapolitica.com.mx\/index.php\/wp-json\/wp\/v2\/types\/post"}],"author":[{"embeddable":true,"href":"https:\/\/bambapolitica.com.mx\/index.php\/wp-json\/wp\/v2\/users\/4"}],"replies":[{"embeddable":true,"href":"https:\/\/bambapolitica.com.mx\/index.php\/wp-json\/wp\/v2\/comments?post=25827"}],"version-history":[{"count":2,"href":"https:\/\/bambapolitica.com.mx\/index.php\/wp-json\/wp\/v2\/posts\/25827\/revisions"}],"predecessor-version":[{"id":25850,"href":"https:\/\/bambapolitica.com.mx\/index.php\/wp-json\/wp\/v2\/posts\/25827\/revisions\/25850"}],"wp:attachment":[{"href":"https:\/\/bambapolitica.com.mx\/index.php\/wp-json\/wp\/v2\/media?parent=25827"}],"wp:term":[{"taxonomy":"category","embeddable":true,"href":"https:\/\/bambapolitica.com.mx\/index.php\/wp-json\/wp\/v2\/categories?post=25827"},{"taxonomy":"post_tag","embeddable":true,"href":"https:\/\/bambapolitica.com.mx\/index.php\/wp-json\/wp\/v2\/tags?post=25827"}],"curies":[{"name":"wp","href":"https:\/\/api.w.org\/{rel}","templated":true}]}}