{"id":25839,"date":"2021-06-16T11:04:48","date_gmt":"2021-06-16T17:04:48","guid":{"rendered":"http:\/\/bambapolitica.com.mx\/?p=25839"},"modified":"2021-06-16T11:04:49","modified_gmt":"2021-06-16T17:04:49","slug":"aviario-municipal-espacio-para-la-rehabilitacion-y-cuidado-de-la-avifauna","status":"publish","type":"post","link":"https:\/\/bambapolitica.com.mx\/index.php\/2021\/06\/16\/aviario-municipal-espacio-para-la-rehabilitacion-y-cuidado-de-la-avifauna\/","title":{"rendered":"Aviario municipal, espacio para la rehabilitaci\u00f3n y cuidado de la avifauna"},"content":{"rendered":"\n<p class=\"has-medium-font-size\">El Aviario Municipal de Chimalhuac\u00e1n La casa de las Aves, ubicado en el Parque Ecotur\u00edstico El Chimalhuache, alberga a m\u00e1s de 280 especies y cuenta con un espacio para la conservaci\u00f3n y rehabilitaci\u00f3n de la avifauna del Valle de M\u00e9xico.<\/p>\n\n\n\n<figure class=\"wp-block-image size-large\"><img decoding=\"async\" src=\"https:\/\/bambapolitica.com.mx\/wp-content\/uploads\/2021\/06\/aviario-municipal-1-1024x685.jpg\" alt=\"\" class=\"wp-image-25841\"\/><figcaption>DCIM100MEDIADJI_0034.JPG<\/figcaption><\/figure>\n\n\n\n<p class=\"has-medium-font-size\">Autoridades locales explicaron que el aviario cuenta con cuatro domos geod\u00e9sicos, uno de ellos acondicionado para dar refugio y rehabilitaci\u00f3n a diversas aves para posteriormente ser liberadas, cumpliendo en todo momento la normatividad vigente de la Secretar\u00eda del Medio Ambiente y Recursos Naturales (SEMARNAT).<\/p>\n\n\n\n<p class=\"has-medium-font-size\">\u201cEl aviario est\u00e1 construido sobre una superficie de 7,190 metros cuadrados. Los dos primeros domos tienen una funci\u00f3n ambiental, en el que el visitante puede interactuar con las especies y conocer m\u00e1s sobre ellas. En el tercer espacio se alojan y exhiben aves representativas del Valle de M\u00e9xico, en tanto que el cuarto domo lo acondicionamos como un sitio de rehabilitaci\u00f3n para las aves\u201d, se\u00f1al\u00f3 el coordinador general del complejo, Osven Mondrag\u00f3n.<\/p>\n\n\n\n<p class=\"has-medium-font-size\">El funcionario explic\u00f3 que actualmente en el aviario se encuentra una aguililla cola roja y un b\u00faho pigmeo, ambos canalizados por la Procuradur\u00eda Federal de Protecci\u00f3n al Ambiente (PROFEPA) para su rehabilitaci\u00f3n f\u00edsica y conductual.<\/p>\n\n\n\n<p class=\"has-medium-font-size\">\u201cActualmente existen pocos proyectos enfocados a la conservaci\u00f3n, por lo que el aviario municipal coadyuva a fomentar una educaci\u00f3n ambiental con el objetivo de cuidar y preservar la avifauna del pa\u00eds\u201d.<\/p>\n\n\n\n<p class=\"has-medium-font-size\">Cabe destacar que durante el mes de junio el acceso al aviario es gratuito, atendiendo las recomendaciones y protocolos de la Secretar\u00eda de Salud federal.<\/p>\n\n\n\n<p class=\"has-medium-font-size\">Este nuevo espacio se ubica en avenida Camino a la Pista, sin n\u00famero, Xochiaca Parte Alta, y opera de martes a domingo de 9:30 a 16:30 horas.<\/p>\n","protected":false},"excerpt":{"rendered":"<p>El Aviario Municipal de Chimalhuac\u00e1n La casa de las Aves, ubicado en el Parque Ecotur\u00edstico&#8230;<\/p>\n","protected":false},"author":4,"featured_media":0,"comment_status":"closed","ping_status":"closed","sticky":false,"template":"","format":"standard","meta":{"footnotes":""},"categories":[4],"tags":[],"class_list":["post-25839","post","type-post","status-publish","format-standard","hentry","category-noticias-del-dia"],"_links":{"self":[{"href":"https:\/\/bambapolitica.com.mx\/index.php\/wp-json\/wp\/v2\/posts\/25839","targetHints":{"allow":["GET"]}}],"collection":[{"href":"https:\/\/bambapolitica.com.mx\/index.php\/wp-json\/wp\/v2\/posts"}],"about":[{"href":"https:\/\/bambapolitica.com.mx\/index.php\/wp-json\/wp\/v2\/types\/post"}],"author":[{"embeddable":true,"href":"https:\/\/bambapolitica.com.mx\/index.php\/wp-json\/wp\/v2\/users\/4"}],"replies":[{"embeddable":true,"href":"https:\/\/bambapolitica.com.mx\/index.php\/wp-json\/wp\/v2\/comments?post=25839"}],"version-history":[{"count":1,"href":"https:\/\/bambapolitica.com.mx\/index.php\/wp-json\/wp\/v2\/posts\/25839\/revisions"}],"predecessor-version":[{"id":25842,"href":"https:\/\/bambapolitica.com.mx\/index.php\/wp-json\/wp\/v2\/posts\/25839\/revisions\/25842"}],"wp:attachment":[{"href":"https:\/\/bambapolitica.com.mx\/index.php\/wp-json\/wp\/v2\/media?parent=25839"}],"wp:term":[{"taxonomy":"category","embeddable":true,"href":"https:\/\/bambapolitica.com.mx\/index.php\/wp-json\/wp\/v2\/categories?post=25839"},{"taxonomy":"post_tag","embeddable":true,"href":"https:\/\/bambapolitica.com.mx\/index.php\/wp-json\/wp\/v2\/tags?post=25839"}],"curies":[{"name":"wp","href":"https:\/\/api.w.org\/{rel}","templated":true}]}}