{"id":26034,"date":"2021-06-19T08:49:02","date_gmt":"2021-06-19T14:49:02","guid":{"rendered":"http:\/\/bambapolitica.com.mx\/?p=26034"},"modified":"2021-06-19T08:49:04","modified_gmt":"2021-06-19T14:49:04","slug":"reforzamos-programa-de-pruebas-rapidas-gratuitas-para-detectar-covid-19","status":"publish","type":"post","link":"https:\/\/bambapolitica.com.mx\/index.php\/2021\/06\/19\/reforzamos-programa-de-pruebas-rapidas-gratuitas-para-detectar-covid-19\/","title":{"rendered":"Reforzamos programa de pruebas r\u00e1pidas gratuitas para detectar COVID-19"},"content":{"rendered":"\n<p class=\"has-medium-font-size\">Ante el ligero repunte de casos confirmados de COVID-19 en el Valle de M\u00e9xico, el gobierno de Chimalhuac\u00e1n reforz\u00f3 la aplicaci\u00f3n de pruebas r\u00e1pidas gratuitas para la detecci\u00f3n de esta enfermedad, en el m\u00f3dulo Sof\u00eda ubicado en las instalaciones de la Direcci\u00f3n de Salud Municipal (DISAM), en calle Amapola sin n\u00famero, San Pedro Parte Baja.<\/p>\n\n\n\n<figure class=\"wp-block-gallery columns-2 is-cropped wp-block-gallery-1 is-layout-flex wp-block-gallery-is-layout-flex\"><ul class=\"blocks-gallery-grid\"><li class=\"blocks-gallery-item\"><figure><img decoding=\"async\" src=\"https:\/\/bambapolitica.com.mx\/wp-content\/uploads\/2021\/06\/IMG_0001-1024x683.jpg\" alt=\"\" data-id=\"26036\" data-full-url=\"https:\/\/bambapolitica.com.mx\/wp-content\/uploads\/2021\/06\/IMG_0001-scaled.jpg\" data-link=\"https:\/\/bambapolitica.com.mx\/?attachment_id=26036\" class=\"wp-image-26036\"\/><\/figure><\/li><li class=\"blocks-gallery-item\"><figure><img decoding=\"async\" src=\"https:\/\/bambapolitica.com.mx\/wp-content\/uploads\/2021\/06\/IMG_0026-1024x683.jpg\" alt=\"\" data-id=\"26037\" data-full-url=\"https:\/\/bambapolitica.com.mx\/wp-content\/uploads\/2021\/06\/IMG_0026-scaled.jpg\" data-link=\"https:\/\/bambapolitica.com.mx\/?attachment_id=26037\" class=\"wp-image-26037\"\/><\/figure><\/li><li class=\"blocks-gallery-item\"><figure><img decoding=\"async\" src=\"https:\/\/bambapolitica.com.mx\/wp-content\/uploads\/2021\/06\/IMG_0028-1024x683.jpg\" alt=\"\" data-id=\"26038\" data-full-url=\"https:\/\/bambapolitica.com.mx\/wp-content\/uploads\/2021\/06\/IMG_0028-scaled.jpg\" data-link=\"https:\/\/bambapolitica.com.mx\/?attachment_id=26038\" class=\"wp-image-26038\"\/><\/figure><\/li><li class=\"blocks-gallery-item\"><figure><img decoding=\"async\" src=\"https:\/\/bambapolitica.com.mx\/wp-content\/uploads\/2021\/06\/IMG_0030-1024x683.jpg\" alt=\"\" data-id=\"26039\" data-full-url=\"https:\/\/bambapolitica.com.mx\/wp-content\/uploads\/2021\/06\/IMG_0030-scaled.jpg\" data-link=\"https:\/\/bambapolitica.com.mx\/?attachment_id=26039\" class=\"wp-image-26039\"\/><\/figure><\/li><li class=\"blocks-gallery-item\"><figure><img decoding=\"async\" src=\"https:\/\/bambapolitica.com.mx\/wp-content\/uploads\/2021\/06\/IMG_0035-1-1024x683.jpg\" alt=\"\" data-id=\"26040\" data-full-url=\"https:\/\/bambapolitica.com.mx\/wp-content\/uploads\/2021\/06\/IMG_0035-1-scaled.jpg\" data-link=\"https:\/\/bambapolitica.com.mx\/?attachment_id=26040\" class=\"wp-image-26040\"\/><\/figure><\/li><li class=\"blocks-gallery-item\"><figure><img decoding=\"async\" src=\"https:\/\/bambapolitica.com.mx\/wp-content\/uploads\/2021\/06\/IMG_0039-1024x683.jpg\" alt=\"\" data-id=\"26041\" data-full-url=\"https:\/\/bambapolitica.com.mx\/wp-content\/uploads\/2021\/06\/IMG_0039-scaled.jpg\" data-link=\"https:\/\/bambapolitica.com.mx\/?attachment_id=26041\" class=\"wp-image-26041\"\/><\/figure><\/li><\/ul><\/figure>\n\n\n\n<p class=\"has-medium-font-size\">\u201cDe acuerdo con el n\u00famero de pruebas aplicadas, en los \u00faltimos d\u00edas registramos un aumento del 20 por ciento de casos confirmados, principalmente personas de entre 15 y 30 a\u00f1os de edad, por ello, hacemos un respetuoso llamado a mantener las medidas sanitarias\u201d, informaron autoridades municipales de salud.<\/p>\n\n\n\n<p class=\"has-medium-font-size\">Detallaron que las pruebas r\u00e1pidas se realizan de lunes a viernes en un horario de 8:00 a 13:00 horas, con un m\u00e1ximo de 200 fichas por d\u00eda.<\/p>\n\n\n\n<p class=\"has-medium-font-size\">Los interesados en aplicar un diagn\u00f3stico deben presentar una identificaci\u00f3n oficial o, para los menores de edad, Clave \u00danica de Registro de Poblaci\u00f3n (CURP), a fin de brindar atenci\u00f3n integral a los pacientes que obtengan un resultado positivo a coronavirus.<\/p>\n\n\n\n<p class=\"has-medium-font-size\">\u201cSe toma una muestra de los fluidos de la nariz con un hisopo; se procesa en 15 minutos y se entregan los resultados al paciente. Para dar seguimiento, personal m\u00e9dico de la DISAM y del Sistema para el Desarrollo Integral de la Familia (DIF) dan seguimiento m\u00e9dico para una recuperaci\u00f3n adecuada\u201d.<\/p>\n\n\n\n<p class=\"has-medium-font-size\">Asimismo, autoridades locales exhortaron a la poblaci\u00f3n a mantener las medidas de higiene y distanciamiento social con el prop\u00f3sito de inhibir contagios.<\/p>\n\n\n\n<p class=\"has-medium-font-size\">\u201cLa vacuna contra el COVID-19 ayuda a reducir el \u00edndice de mortalidad; sin embargo, ninguna persona est\u00e1 exenta de contraer el virus y contagiar a quienes le rodean. <\/p>\n\n\n\n<p class=\"has-medium-font-size\">Por ello, invitamos a la poblaci\u00f3n que presente s\u00edntomas de enfermedad respiratoria se comunique al n\u00famero telef\u00f3nico y de WhatsApp 55-7583-9049 del Centro de Atenci\u00f3n COVID-TEL, a trav\u00e9s del cual un grupo de especialistas atienden de manera integral casos sospechosos o confirmados de COVID-19\u201d.<\/p>\n\n\n\n<p class=\"has-medium-font-size\">Cabe destacar que, la Direcci\u00f3n de Salud brinda atenci\u00f3n m\u00e9dica en sus instalaciones de lunes a viernes de 8:00 a 20:00 horas, los d\u00edas s\u00e1bado de 9:00 a 16:00 horas y los domingos de 9:00 a 13:00 horas.<\/p>\n","protected":false},"excerpt":{"rendered":"<p>Ante el ligero repunte de casos confirmados de COVID-19 en el Valle de M\u00e9xico, el&#8230;<\/p>\n","protected":false},"author":4,"featured_media":0,"comment_status":"closed","ping_status":"closed","sticky":false,"template":"","format":"standard","meta":{"footnotes":""},"categories":[4],"tags":[],"class_list":["post-26034","post","type-post","status-publish","format-standard","hentry","category-noticias-del-dia"],"_links":{"self":[{"href":"https:\/\/bambapolitica.com.mx\/index.php\/wp-json\/wp\/v2\/posts\/26034","targetHints":{"allow":["GET"]}}],"collection":[{"href":"https:\/\/bambapolitica.com.mx\/index.php\/wp-json\/wp\/v2\/posts"}],"about":[{"href":"https:\/\/bambapolitica.com.mx\/index.php\/wp-json\/wp\/v2\/types\/post"}],"author":[{"embeddable":true,"href":"https:\/\/bambapolitica.com.mx\/index.php\/wp-json\/wp\/v2\/users\/4"}],"replies":[{"embeddable":true,"href":"https:\/\/bambapolitica.com.mx\/index.php\/wp-json\/wp\/v2\/comments?post=26034"}],"version-history":[{"count":1,"href":"https:\/\/bambapolitica.com.mx\/index.php\/wp-json\/wp\/v2\/posts\/26034\/revisions"}],"predecessor-version":[{"id":26042,"href":"https:\/\/bambapolitica.com.mx\/index.php\/wp-json\/wp\/v2\/posts\/26034\/revisions\/26042"}],"wp:attachment":[{"href":"https:\/\/bambapolitica.com.mx\/index.php\/wp-json\/wp\/v2\/media?parent=26034"}],"wp:term":[{"taxonomy":"category","embeddable":true,"href":"https:\/\/bambapolitica.com.mx\/index.php\/wp-json\/wp\/v2\/categories?post=26034"},{"taxonomy":"post_tag","embeddable":true,"href":"https:\/\/bambapolitica.com.mx\/index.php\/wp-json\/wp\/v2\/tags?post=26034"}],"curies":[{"name":"wp","href":"https:\/\/api.w.org\/{rel}","templated":true}]}}