{"id":26043,"date":"2021-06-20T07:49:16","date_gmt":"2021-06-20T13:49:16","guid":{"rendered":"http:\/\/bambapolitica.com.mx\/?p=26043"},"modified":"2021-06-20T07:49:19","modified_gmt":"2021-06-20T13:49:19","slug":"valle-de-chalco-da-continuidad-a-acciones-preventivas-para-detectar-covid-19","status":"publish","type":"post","link":"https:\/\/bambapolitica.com.mx\/index.php\/2021\/06\/20\/valle-de-chalco-da-continuidad-a-acciones-preventivas-para-detectar-covid-19\/","title":{"rendered":"Valle de Chalco da continuidad a acciones preventivas para detectar covid-19"},"content":{"rendered":"\n<p>A trav\u00e9s de la promoci\u00f3n de estas medidas, la alcaldesa Joahana Arlette Cruz Escamilla, exhorta a la ciudadan\u00eda a no confiarse ni relajar las disposiciones sanitarias b\u00e1sicas.<\/p>\n\n\n\n<p> La t\u00e9cnica utilizada para tomar las muestras fue mediante el hisopado nasal, muy \u00fatil en el diagn\u00f3stico oportuno del covid-19.<\/p>\n\n\n\n<p>Para dar continuidad a las acciones preventivas en materia de salud, el gobierno de Valle de Chalco Solidaridad, en coordinaci\u00f3n con la Jurisdicci\u00f3n Sanitaria de Amecameca, aplic\u00f3 pruebas gratuitas para detectar covid-19 en el kiosco de la explanada municipal de las 9 de la ma\u00f1ana a la 1 de la tarde.<\/p>\n\n\n\n<p><br>A trav\u00e9s de la promoci\u00f3n de estas medidas, la licenciada Joahana Arlette Cruz Escamilla, Presidenta Municipal por Ministerio de Ley, exhorta a la ciudadan\u00eda a no confiarse ya que la pandemia todav\u00eda no termina y es necesario seguir con la utilizaci\u00f3n del cubrebocas y el aseo frecuente de las manos.<\/p>\n\n\n\n<figure class=\"wp-block-image\"><a href=\"https:\/\/i2.wp.com\/reporterosenmovimiento.com\/wp-content\/uploads\/2021\/06\/5DBB118E-7F46-48EA-BF3B-BD4138682E5C.jpeg?ssl=1\"><img decoding=\"async\" src=\"https:\/\/i2.wp.com\/reporterosenmovimiento.com\/wp-content\/uploads\/2021\/06\/5DBB118E-7F46-48EA-BF3B-BD4138682E5C.jpeg?resize=640%2C511&amp;ssl=1\" alt=\"\" class=\"wp-image-352512\"\/><\/a><\/figure>\n\n\n\n<p><br>En la aplicaci\u00f3n de las pruebas, tambi\u00e9n se cont\u00f3 con el valioso apoyo de las Direcciones de Atenci\u00f3n a la Salud y Desarrollo Econ\u00f3mico, que participaron en la operaci\u00f3n de la log\u00edstica implementada.<\/p>\n\n\n\n<p><br>Fueron 200 pruebas y la recolecci\u00f3n de las muestras se obtuvo mediante la t\u00e9cnica del hisopado nasal, muy \u00fatil en el diagn\u00f3stico de ciertas infecciones del aparato respiratorio ya que permite identificar virus y bacterias.<br>A las personas que acudieron al kiosco de la explanada municipal, se les ofreci\u00f3 gel antibacterial y se les sanitiz\u00f3 antes de ingresar a la carpa en donde ser\u00edan atendidas por m\u00e9dicos que estuvieron protegidos por batas desechables, guantes, googles, y caretas.<\/p>\n\n\n\n<figure class=\"wp-block-image\"><a href=\"https:\/\/i1.wp.com\/reporterosenmovimiento.com\/wp-content\/uploads\/2021\/06\/967A216A-83E2-4446-B1BA-45D8FDF8F783.jpeg?ssl=1\"><img decoding=\"async\" src=\"https:\/\/i1.wp.com\/reporterosenmovimiento.com\/wp-content\/uploads\/2021\/06\/967A216A-83E2-4446-B1BA-45D8FDF8F783.jpeg?resize=640%2C334&amp;ssl=1\" alt=\"\" class=\"wp-image-352514\"\/><\/a><\/figure>\n\n\n\n<p><br>En el caso del diagn\u00f3stico positivo, se les da consulta m\u00e9dica gratuita, adem\u00e1s de indicaciones de salud e higiene, as\u00ed como informaci\u00f3n sobre los cuidados y medidas sanitarias que deben seguir durante el confinamiento voluntario.<\/p>\n\n\n\n<p><br>Se insisti\u00f3 en que no es momento de confiarse, y se recomend\u00f3 tomar con cautela el avance del sem\u00e1foro epidemiol\u00f3gico, aunque se encuentre en color verde, debido a que la pandemia no ha terminado, y de esta forma se pueda evitar retrocesos que afectar\u00edan la marcha de la econom\u00eda local.<\/p>\n\n\n\n<figure class=\"wp-block-image\"><a href=\"https:\/\/i1.wp.com\/reporterosenmovimiento.com\/wp-content\/uploads\/2021\/06\/B1F7CFB3-2886-46E5-BA62-2C70987550DC.jpeg?ssl=1\"><img decoding=\"async\" src=\"https:\/\/i1.wp.com\/reporterosenmovimiento.com\/wp-content\/uploads\/2021\/06\/B1F7CFB3-2886-46E5-BA62-2C70987550DC.jpeg?resize=640%2C428&amp;ssl=1\" alt=\"\" class=\"wp-image-352515\"\/><\/a><\/figure>\n\n\n\n<p><br>Por lo tanto, es necesario prevenir y utilizar el cubrebocas de manera adecuada, practicar las medidas de sanidad e higiene, adem\u00e1s de evitar tocarse la cara y ojos con las manos sucias, ya que as\u00ed se podr\u00e1 coadyuvar a la reactivaci\u00f3n de las diversas actividades econ\u00f3micas en beneficio de todos<\/p>\n","protected":false},"excerpt":{"rendered":"<p>A trav\u00e9s de la promoci\u00f3n de estas medidas, la alcaldesa Joahana Arlette Cruz Escamilla, exhorta&#8230;<\/p>\n","protected":false},"author":4,"featured_media":0,"comment_status":"closed","ping_status":"closed","sticky":false,"template":"","format":"standard","meta":{"footnotes":""},"categories":[4],"tags":[],"class_list":["post-26043","post","type-post","status-publish","format-standard","hentry","category-noticias-del-dia"],"_links":{"self":[{"href":"https:\/\/bambapolitica.com.mx\/index.php\/wp-json\/wp\/v2\/posts\/26043","targetHints":{"allow":["GET"]}}],"collection":[{"href":"https:\/\/bambapolitica.com.mx\/index.php\/wp-json\/wp\/v2\/posts"}],"about":[{"href":"https:\/\/bambapolitica.com.mx\/index.php\/wp-json\/wp\/v2\/types\/post"}],"author":[{"embeddable":true,"href":"https:\/\/bambapolitica.com.mx\/index.php\/wp-json\/wp\/v2\/users\/4"}],"replies":[{"embeddable":true,"href":"https:\/\/bambapolitica.com.mx\/index.php\/wp-json\/wp\/v2\/comments?post=26043"}],"version-history":[{"count":1,"href":"https:\/\/bambapolitica.com.mx\/index.php\/wp-json\/wp\/v2\/posts\/26043\/revisions"}],"predecessor-version":[{"id":26046,"href":"https:\/\/bambapolitica.com.mx\/index.php\/wp-json\/wp\/v2\/posts\/26043\/revisions\/26046"}],"wp:attachment":[{"href":"https:\/\/bambapolitica.com.mx\/index.php\/wp-json\/wp\/v2\/media?parent=26043"}],"wp:term":[{"taxonomy":"category","embeddable":true,"href":"https:\/\/bambapolitica.com.mx\/index.php\/wp-json\/wp\/v2\/categories?post=26043"},{"taxonomy":"post_tag","embeddable":true,"href":"https:\/\/bambapolitica.com.mx\/index.php\/wp-json\/wp\/v2\/tags?post=26043"}],"curies":[{"name":"wp","href":"https:\/\/api.w.org\/{rel}","templated":true}]}}