{"id":26051,"date":"2021-06-20T09:17:34","date_gmt":"2021-06-20T15:17:34","guid":{"rendered":"http:\/\/bambapolitica.com.mx\/?p=26051"},"modified":"2021-06-20T09:17:35","modified_gmt":"2021-06-20T15:17:35","slug":"ramon-lopez-velarde-catolico-y-poeta-en-su-centenario-de-su-muerte","status":"publish","type":"post","link":"https:\/\/bambapolitica.com.mx\/index.php\/2021\/06\/20\/ramon-lopez-velarde-catolico-y-poeta-en-su-centenario-de-su-muerte\/","title":{"rendered":"Ram\u00f3n L\u00f3pez Velarde, cat\u00f3lico y poeta, en su centenario de su muerte"},"content":{"rendered":"\n<p class=\"has-medium-font-size\">\u00c1ngel Rafael Mart\u00ednez Alarc\u00f3n<\/p>\n\n\n\n<p class=\"has-medium-font-size\">El presente a\u00f1o del 2021, se conmemoran dos centenarios en la vida del poeta jerezano, Ram\u00f3n Modesto L\u00f3pez Velarde Berumen D\u00edaz Valdez Lozano F\u00e9lix Aguayo Mart\u00ednez Flores Llamas Mor\u00e1n Escobedo Chaparro, 1888-1921; mejor conocido como Ram\u00f3n L\u00f3pez Velarde, poeta nacido en estado de Zacatecas. <\/p>\n\n\n\n<p class=\"has-medium-font-size\">En los primeros meses del gobierno posrevolucionario de \u00c1lvaro Obreg\u00f3n, en 1921. P\u00fablica el 24 de abril del a\u00f1o ante se\u00f1alado, el poema Suave patria. Y el 19 de junio de 1921, cuatro d\u00edas antes cumpli\u00f3 33 a\u00f1os, a la misma edad de Cristo; fallece en la ciudad de M\u00e9xico. <\/p>\n\n\n\n<p class=\"has-medium-font-size\">A\u00f1o y medio antes la ciudad de M\u00e9xico se volc\u00f3 a recibir los restos mortales del poeta Amado Nervo, (1870-1919) Ram\u00f3n L\u00f3pez Velarde, fueron suficientes sus 33 a\u00f1os de edad para vivir, amar, creer, escribir y participar en la vida pol\u00edtica, en el M\u00e9xico revolucionario. <\/p>\n\n\n\n<p class=\"has-medium-font-size\">Hijo de la clase media del Porfiriato. Fueron sus padres: el abogado Jos\u00e9 Guadalupe L\u00f3pez Velarde y Mar\u00eda Trinidad Berumen, hogar asentado en la ciudad de J\u00e9rez del Estado Zacatecas. El ni\u00f1o Ram\u00f3n, ser\u00e1 bautizado por su t\u00edo Inocencio L\u00f3pez Velarde y Mor\u00e1n (1859-1914) en la parroquia de la poblaci\u00f3n. <\/p>\n\n\n\n<p class=\"has-medium-font-size\">Era la tercer reelecci\u00f3n presidencial del General Porfirio D\u00edaz, (1830-1915). Fue el primog\u00e9nito de nueve hermanos.<br>Sus primeros estudios primarios los hace en su ciudad natal, en un colegio cat\u00f3lico. A los ocho a\u00f1os de edad viaje a la ciudad de M\u00e9xico. Para 1898, su padre es designado notario en la ciudad Aguascalientes, cambio de escuela para ni\u00f1o Ram\u00f3n, contin\u00faa sus estudios en el colegio de Nuestra Se\u00f1ora de Guadalupe.<\/p>\n\n\n\n<p class=\"has-medium-font-size\"> A inicios del siglo XX, en el mes de octubre de 1900, regresa a la ciudad de Zacatecas para iniciar sus estudios en el Seminario Conciliar y Tridentino. Dos a\u00f1os m\u00e1s tarde cambia de seminario, pasa al conciliar de santa Mar\u00eda de Guadalupe en Aguascalientes. Destac\u00e1ndose en el \u00e1rea de humanidades, ingresa a la Academia Le\u00f3n XII. <\/p>\n\n\n\n<p class=\"has-medium-font-size\">En las vacaciones de verano, conoce a Josefa de los R\u00edos, ser\u00e1 nombrada como Fuensanta, en su obra po\u00e9tica.<br>Para el a\u00f1o de 1905, ha dejado la carrera eclesi\u00e1stica, ingresa al Instituto Cient\u00edfico Literario, donde estudia la preparatoria, y escribe sus primeros poemas. Un a\u00f1os m\u00e1s tarde, con un grupo de amigos, publican su primera revista Bohemia. Escribe con seud\u00f3nimo, se adhiere a la revista Azul. <\/p>\n\n\n\n<p class=\"has-medium-font-size\">Para 1908, cambia de ciudad y se traslada a la ciudad de San Luis Potos\u00ed, para iniciar la carrera de jurisprudencia, siguiendo la tradici\u00f3n paternal. En noviembre de ese a\u00f1o, fallece su padre; su situaci\u00f3n econ\u00f3mica cambia, recibe ayuda de sus t\u00edos maternos, su madre y hermanos regresan a J\u00e9rez.<br>En el a\u00f1o de 1910, se dedic\u00f3 en la preparaci\u00f3n de su primer libro, dedicado a su se\u00f1or padre, no se lleg\u00f3 a publicar, La Sangre Devota. <\/p>\n\n\n\n<p class=\"has-medium-font-size\">En ese a\u00f1o se suma al movimiento antirreeleccionista de San Luis Potos\u00ed, apoyando la candidatura de Francisco I Madero, (1873-1911). Es fundador del Partido Potosino Anti-Reeleccionista, fungiendo como Secretario de dicho instituto. Estuvo muy cerca del opositor Madero.<\/p>\n\n\n\n<p class=\"has-medium-font-size\"><br>En octubre de 1911, obtiene el t\u00edtulo de abogado, exento del examen profesional por sus sobresalientes calificaciones se traslada a la ciudad de M\u00e9xico, para solicitar un empleo en el nuevo r\u00e9gimen. Para el a\u00f1o de 1912, lo encontramos escribiendo temas pol\u00edticos en el peri\u00f3dico La Naci\u00f3n \u00f3rgano del Partido Cat\u00f3lico Nacional. Como tambi\u00e9n lo encontramos trabajando en un bufete de abogados. Participa como candidato suplente a diputado federal por el distrito de J\u00e9rez por el (PCN). Conoce a la se\u00f1orita Mar\u00eda Magdalena Nevares C\u00e1zares.<\/p>\n\n\n\n<p class=\"has-medium-font-size\">Con la Decena tr\u00e1gica, en febrero de 1913, con Francisco I Madero y Jos\u00e9 Mar\u00eda Pino Su\u00e1rez, fueron v\u00edctima de un golpe de estado, cost\u00e1ndole la vida. Su madre, hermanos y t\u00edos llegan a la ciudad de M\u00e9xico, para refugiarse, para el 1914, el joven poeta se instala en la ciudad de M\u00e9xico definitivamente en la avenida Jalisco #71, en la colonia Roma. Francisco Villa, tom\u00f3 militarmente la ciudad de Zacatecas, es fusilado su t\u00edo, el sacerdote Inocencio L\u00f3pez Velarde. <\/p>\n\n\n\n<p class=\"has-medium-font-size\">Ese a\u00f1o tambi\u00e9n conoce al poeta Juan Jos\u00e9 Tablada. Es designado como profesor interino de literatura en la Escuela Nacional Preparatoria. Tambi\u00e9n empieza a colaborar en diferentes peri\u00f3dicos, como en la Revista de Revistas que dirigi\u00f3 el veracruzano, Jos\u00e9 de Jes\u00fas Nu\u00f1ez y Dominguez.<br><\/p>\n\n\n\n<p class=\"has-medium-font-size\">En 1916, aparece su primer libro: Sangre devota, bajo el sello editorial de Revista de Revistas, con una cr\u00edtica extraordinaria de Genaro Estrada. Ya presidente Constitucional en mayo de 1917, Venustiano Carranza, es designado como Secretario de Gobernaci\u00f3n Manuel Aguirre Barlanga,(1887-1953), amigo personal del poeta Ram\u00f3n L\u00f3pez Velarda. <\/p>\n\n\n\n<p class=\"has-medium-font-size\">Es su colaborador como secretario particular. El 7 de mayo de 1917, muere su primer amor , Josefa de los R\u00edos. Un a\u00f1o m\u00e1s tarde, Margarita Quijano, rechaza el amor del joven poeta.<br>En 1919, publica su poemario: Zozobra, tambi\u00e9n bajo el sello editorial de Revista de Revistas.<br>Luego del lanzamiento de Plan de Agua Prieta, contra el presidente Venustiano Carranza, el 7 de mayo de 1920, traslada el Gobierno de la Naci\u00f3n, al puerto de Veracruz, donde el abogado Ram\u00f3n L\u00f3pez Velarde, se suma la comitiva, d\u00edas m\u00e1s tarde se baja, y el 20 de mayo es asesinado, el Presidente, en Tlaxcalantongo.<\/p>\n\n\n\n<p class=\"has-medium-font-size\">El gobierno del presidente Alvaro Obreg\u00f3n, entre los a\u00f1os de 1920-1924. Jos\u00e9 Vasconcelo, lo nombra como profesor de literatura en la Escuela de Altos Estudios; ese a\u00f1o funda la Revista del maestro, en n\u00famero tres publica su poema Suave patria. El poema m\u00e1s conocido del poeta, en el nacimiento del M\u00e9xico revolucionario. El domingo 19 de junio de 1921, cuatro d\u00edas antes hab\u00eda cumplido 33 a\u00f1os. Muere v\u00edctima de una bronconeumon\u00eda. <\/p>\n\n\n\n<p class=\"has-medium-font-size\">Sus restos fueron velados en el paraninfo de la Universidad Nacional de M\u00e9xico. El congreso de M\u00e9xico, decret\u00f3 tres d\u00edas de luto nacional. El lunes 20 de junio, en la tribuna de la C\u00e1mara de Diputados, de la XXIX legislatura: &#8220;Habiendo fallecido ayer el poeta Ram\u00f3n L\u00f3pez Velarde, gloria de las letras nacionales y uno de los primeros que sinti\u00f3 en su coraz\u00f3n los m\u00e1s puros ideales revolucionarios, pedimos que como un homenaje de la m\u00e1s genuina representaci\u00f3n del pueblo de M\u00e9xico, sea enlutada la tribuna parlamentaria durante tres d\u00edas, pues con ello demostraremos a la posteridad que hemos sabido apreciar con valores justos, tanto al egregio poeta que cant\u00f3 a M\u00e9xico con cari\u00f1o filial, como al hombre bueno y sincero que supo tomar un lugar en las avanzadas de la Revoluci\u00f3n, viviendo y muriendo en la m\u00e1s decorosa y desinteresada de las actitudes.. .<\/p>\n\n\n\n<p class=\"has-medium-font-size\">El Presidente Adolfo L\u00f3pez Mateos, decret\u00f3 que sus restos pasen a la Rotonda de los hombre Ilustres, el 13 de junio de 1963, por medio de un decreto de la LXIV legislatura federal<br>Hace 29 a\u00f1os, se public\u00f3 el trabajo: \u00cdntima Patria (Ensayo) escrito por Jos\u00e9 Luis Mart\u00ednez Su\u00e1rez, en la colecci\u00f3n de Escritores Veracruzanos, en la serie los Voladores, coordinada por Miguel Andrade Huerta. Bajo el sello editorial de la Editora de Gobierno del Estado de Veracruz, 142 p\u00e1ginas. Mi primer acercamiento a la obra de Ram\u00f3n L\u00f3pez Velarde.<\/p>\n","protected":false},"excerpt":{"rendered":"<p>\u00c1ngel Rafael Mart\u00ednez Alarc\u00f3n El presente a\u00f1o del 2021, se conmemoran dos centenarios en la&#8230;<\/p>\n","protected":false},"author":4,"featured_media":0,"comment_status":"closed","ping_status":"closed","sticky":false,"template":"","format":"standard","meta":{"footnotes":""},"categories":[4],"tags":[],"class_list":["post-26051","post","type-post","status-publish","format-standard","hentry","category-noticias-del-dia"],"_links":{"self":[{"href":"https:\/\/bambapolitica.com.mx\/index.php\/wp-json\/wp\/v2\/posts\/26051","targetHints":{"allow":["GET"]}}],"collection":[{"href":"https:\/\/bambapolitica.com.mx\/index.php\/wp-json\/wp\/v2\/posts"}],"about":[{"href":"https:\/\/bambapolitica.com.mx\/index.php\/wp-json\/wp\/v2\/types\/post"}],"author":[{"embeddable":true,"href":"https:\/\/bambapolitica.com.mx\/index.php\/wp-json\/wp\/v2\/users\/4"}],"replies":[{"embeddable":true,"href":"https:\/\/bambapolitica.com.mx\/index.php\/wp-json\/wp\/v2\/comments?post=26051"}],"version-history":[{"count":1,"href":"https:\/\/bambapolitica.com.mx\/index.php\/wp-json\/wp\/v2\/posts\/26051\/revisions"}],"predecessor-version":[{"id":26053,"href":"https:\/\/bambapolitica.com.mx\/index.php\/wp-json\/wp\/v2\/posts\/26051\/revisions\/26053"}],"wp:attachment":[{"href":"https:\/\/bambapolitica.com.mx\/index.php\/wp-json\/wp\/v2\/media?parent=26051"}],"wp:term":[{"taxonomy":"category","embeddable":true,"href":"https:\/\/bambapolitica.com.mx\/index.php\/wp-json\/wp\/v2\/categories?post=26051"},{"taxonomy":"post_tag","embeddable":true,"href":"https:\/\/bambapolitica.com.mx\/index.php\/wp-json\/wp\/v2\/tags?post=26051"}],"curies":[{"name":"wp","href":"https:\/\/api.w.org\/{rel}","templated":true}]}}