{"id":26075,"date":"2021-06-21T11:00:55","date_gmt":"2021-06-21T17:00:55","guid":{"rendered":"http:\/\/bambapolitica.com.mx\/?p=26075"},"modified":"2021-06-21T11:00:57","modified_gmt":"2021-06-21T17:00:57","slug":"presidente-electo-de-iran-descarta-reunirse-con-biden","status":"publish","type":"post","link":"https:\/\/bambapolitica.com.mx\/index.php\/2021\/06\/21\/presidente-electo-de-iran-descarta-reunirse-con-biden\/","title":{"rendered":"Presidente electo de Ir\u00e1n descarta reunirse con Biden"},"content":{"rendered":"\n<p class=\"has-medium-font-size\">El&nbsp;futuro presidente de Ir\u00e1n,&nbsp;Ebrahim Raisi,&nbsp;declar\u00f3 este lunes no tener&nbsp;ninguna intenci\u00f3n&nbsp;de&nbsp;reunirse&nbsp;con el&nbsp;presidente de Estados Unidos, Joe Biden, en momentos en que ambos pa\u00edses llevan a cabo&nbsp;negociaciones indirectas&nbsp;para intentar salvar el&nbsp;acuerdo internacional&nbsp;sobre el programa nuclear iran\u00ed.<\/p>\n\n\n\n<p class=\"has-medium-font-size\"><strong>&#8220;<\/strong>N<strong>o&#8221;<\/strong>, respondi\u00f3&nbsp;Raisi&nbsp;a un medio estadunidense que le preguntaba si ten\u00eda la intenci\u00f3n de reunirse con el inquilino de la&nbsp;Casa Blanca&nbsp;si las&nbsp;negociaciones&nbsp;permitieran aliviar las&nbsp;sanciones&nbsp;de&nbsp;Washington&nbsp;contra&nbsp;Ir\u00e1n, y para &#8220;resolver&#8221; los problemas entre los dos&nbsp;pa\u00edses enemigos&nbsp;desde hace m\u00e1s de 40 a\u00f1os.<\/p>\n\n\n\n<p class=\"has-medium-font-size\">Jefe ultraconservador de la Autoridad Judicial, fue declarado ganador de la presidencial el s\u00e1bado, con casi el 62% de los votos.<\/p>\n\n\n\n<p class=\"has-medium-font-size\">Raisi, un hoyatoleslam (rango inferior al de ayatol\u00e1 en la jerarqu\u00eda del clero chiita), era el favorito por falta de competencia real tras la descalificaci\u00f3n de sus principales oponentes.<\/p>\n\n\n\n<p class=\"has-medium-font-size\">El cl\u00e9rigo, que debe suceder al moderado Hassan Rouhani en agosto, hereda un pa\u00eds sumido en una grave crisis econ\u00f3mica, consecuencia de las sanciones de Washington tras la decisi\u00f3n del expresidente estadunidense Donald Trump de abandonar en 2018 el acuerdo internacional sobre el programa nuclear iran\u00ed firmado en 2015 en Viena.<\/p>\n","protected":false},"excerpt":{"rendered":"<p>El&nbsp;futuro presidente de Ir\u00e1n,&nbsp;Ebrahim Raisi,&nbsp;declar\u00f3 este lunes no tener&nbsp;ninguna intenci\u00f3n&nbsp;de&nbsp;reunirse&nbsp;con el&nbsp;presidente de Estados Unidos, Joe&#8230;<\/p>\n","protected":false},"author":4,"featured_media":0,"comment_status":"closed","ping_status":"closed","sticky":false,"template":"","format":"standard","meta":{"footnotes":""},"categories":[5],"tags":[],"class_list":["post-26075","post","type-post","status-publish","format-standard","hentry","category-internacional"],"_links":{"self":[{"href":"https:\/\/bambapolitica.com.mx\/index.php\/wp-json\/wp\/v2\/posts\/26075","targetHints":{"allow":["GET"]}}],"collection":[{"href":"https:\/\/bambapolitica.com.mx\/index.php\/wp-json\/wp\/v2\/posts"}],"about":[{"href":"https:\/\/bambapolitica.com.mx\/index.php\/wp-json\/wp\/v2\/types\/post"}],"author":[{"embeddable":true,"href":"https:\/\/bambapolitica.com.mx\/index.php\/wp-json\/wp\/v2\/users\/4"}],"replies":[{"embeddable":true,"href":"https:\/\/bambapolitica.com.mx\/index.php\/wp-json\/wp\/v2\/comments?post=26075"}],"version-history":[{"count":2,"href":"https:\/\/bambapolitica.com.mx\/index.php\/wp-json\/wp\/v2\/posts\/26075\/revisions"}],"predecessor-version":[{"id":26144,"href":"https:\/\/bambapolitica.com.mx\/index.php\/wp-json\/wp\/v2\/posts\/26075\/revisions\/26144"}],"wp:attachment":[{"href":"https:\/\/bambapolitica.com.mx\/index.php\/wp-json\/wp\/v2\/media?parent=26075"}],"wp:term":[{"taxonomy":"category","embeddable":true,"href":"https:\/\/bambapolitica.com.mx\/index.php\/wp-json\/wp\/v2\/categories?post=26075"},{"taxonomy":"post_tag","embeddable":true,"href":"https:\/\/bambapolitica.com.mx\/index.php\/wp-json\/wp\/v2\/tags?post=26075"}],"curies":[{"name":"wp","href":"https:\/\/api.w.org\/{rel}","templated":true}]}}