{"id":26080,"date":"2021-06-21T08:45:13","date_gmt":"2021-06-21T14:45:13","guid":{"rendered":"http:\/\/bambapolitica.com.mx\/?p=26080"},"modified":"2021-06-21T11:16:38","modified_gmt":"2021-06-21T17:16:38","slug":"no-es-dificil-sacar-al-ejercito-de-sus-cuarteles-sino-regresarlo-a-ellos","status":"publish","type":"post","link":"https:\/\/bambapolitica.com.mx\/index.php\/2021\/06\/21\/no-es-dificil-sacar-al-ejercito-de-sus-cuarteles-sino-regresarlo-a-ellos\/","title":{"rendered":"No es dif\u00edcil sacar al Ej\u00e9rcito de sus cuarteles, sino regresarlo a ellos"},"content":{"rendered":"\n<p class=\"has-large-font-size\">Por Jorge Volpi<\/p>\n\n\n\n<p class=\"has-medium-font-size\"><em>La tr\u00e1gica ruptura de la promesa de regresar el Ej\u00e9rcito a los cuarteles es acaso la mayor decepci\u00f3n del programa de L\u00f3pez Obrador<\/em><\/p>\n\n\n\n<p class=\"has-large-font-size\"><strong>Cuarta militarizaci\u00f3n<\/strong><\/p>\n\n\n\n<p class=\"has-medium-font-size\">Si algo une a la independencia, la Reforma con la subsecuente intervenci\u00f3n francesa y el ef\u00edmero imperio de Maximiliano y la Revoluci\u00f3n, los tres<br>hitos hist\u00f3ricos que Andr\u00e9s Manuel L\u00f3pez Obrador identifica como antecedentes directos de su Cuarta Transformaci\u00f3n, es que se trat\u00f3, en todos los casos,<br>de cambios dr\u00e1sticos en los equilibrios de poder provocados por la fuerza y en los cuales M\u00e9xico se vio obligado a levantarse en armas. En los tres casos,<br>la vida civil se vio perturbada y los militares alcanzaron cotas de influencia in\u00e9ditas. De manera irremediable, la 4T funda su imaginario en estas \u00e9pocas<br>de confrontaci\u00f3n y guerra.<\/p>\n\n\n\n<div class=\"wp-block-image\"><figure class=\"aligncenter size-large\"><img decoding=\"async\" src=\"https:\/\/bambapolitica.com.mx\/wp-content\/uploads\/2021\/06\/f1280x720-119873_251548_5050-1024x576.jpg\" alt=\"\" class=\"wp-image-26085\"\/><\/figure><\/div>\n\n\n\n<p class=\"has-medium-font-size\">No s\u00e9 hasta d\u00f3nde esta idealizaci\u00f3n de nuestro pasado b\u00e9lico sea responsable del encumbramiento que el Ej\u00e9rcito y la Marina han alcanzado en este sexenio,<br>pero quiz\u00e1s sirva para tratar de explicar por qu\u00e9 un l\u00edder social, asociado siempre con la izquierda, se muestra empe\u00f1ado en otorgarles m\u00e1s poder y visibilidad<br>a los militares que ning\u00fan otro gobernante reciente.<\/p>\n\n\n\n<p class=\"has-medium-font-size\">Una y otra vez el Presidente insiste en calificar a los militares de &#8220;pueblo bueno&#8221; o de asumirlos como aliados de las instituciones o, m\u00e1s bien, de su 4T, obstinado<br>en desde\u00f1ar el peligro que significa esta entronizaci\u00f3n para nuestra vida p\u00fablica.<\/p>\n\n\n\n<p class=\"has-medium-font-size\">Nada en la larga carretera previa de L\u00f3pez Obrador permit\u00eda avizorar esta alianza con el Ej\u00e9rcito, al cual siempre vio con desconfianza y al cual dirigi\u00f3 severas cr\u00edticas<br>durante los a\u00f1os del calderonismo. Una y otra vez repiti\u00f3, en esa \u00e9poca, que de llegar a la Presidencia lo regresar\u00eda a sus cuarteles, confiando las tareas de seguridad p\u00fablica<br>a organismos civiles. La tr\u00e1gica ruptura de esta promesa es acaso la mayor decepci\u00f3n de su programa.<\/p>\n\n\n\n<p class=\"has-medium-font-size\">El tr\u00e1nsito del r\u00e9gimen de la Revoluci\u00f3n consisti\u00f3 justo en abandonar poco a poco su origen b\u00e9lico y mantener al Ej\u00e9rcito en una posici\u00f3n cada vez m\u00e1s discreta: de Miguel Alem\u00e1n<br>en adelante, esa relativa invisibilidad del Ej\u00e9rcito identificado sobra todo por su ayuda durante situaciones de emergencia le granje\u00f3 una enorme confianza ciudadana. Una confianza<br>que se hizo a\u00f1icos cuando Calder\u00f3n inicio sus operativos conjuntos y aument\u00f3 exponencial-mente tanto su presupuesto como su influencia.<\/p>\n\n\n\n<p class=\"has-medium-font-size\">Parad\u00f3jicamente, L\u00f3pez Obrador ha rebasado, por mucho, la militarizaci\u00f3n iniciada por su n\u00e9mesis: no solo no ha regresado al Ej\u00e9rcito a sus cuarteles sino que les ha otorgado la<br>construcci\u00f3n de sus infraestructuras emblem\u00e1ticas, como el aeropuerto Felipe \u00c1ngeles no es casual que lleve el nombre de un general y el Tren Maya, los ha excluido por completo<br>de la &#8220;austeridad republicana&#8221;, ha protegido incluso sus fideicomisos mientras extingu\u00eda los de todas las dem\u00e1s dependencias de gobierno y no ha cesado de cubrirlos de elogios y prebendas.<\/p>\n\n\n\n<p class=\"has-medium-font-size\">La culminaci\u00f3n de este proceso se anuncia ya con su intenci\u00f3n por fortuna con pocas posibilidades de \u00e9xito de proponer una nueva reforma constitucional que integre la Guardia Nacional a la Secretar\u00eda de la<br>Defensa, lo cual significa la plena aceptaci\u00f3n de que las labores de seguridad p\u00fablica deben recaer en manos del Ej\u00e9rcito, algo que ocurre solo en los pa\u00edses m\u00e1s autoritarios del planeta. El que algunos de sus<br>propios aliados el Partido del Trabajo y Fern\u00e1ndez Noro\u00f1a se manifiesten con trata de la iniciativa confirma la magnitud del desprop\u00f3sito.<\/p>\n\n\n\n<p class=\"has-medium-font-size\">Todo indica que, rebasado por la realidad y por un sistema que no alcanza a destrabar o retorcer: dependen de qui\u00e9n juzgue a su medida, L\u00f3pez Obrador encontr\u00f3 en el Ej\u00e9rcito a la \u00fanica instituci\u00f3n que le brinda<br>una lealtad irrestricta o eso quisiera creer. Como sabemos, no es dif\u00edcil sacar al Ej\u00e9rcito de sus cuarteles, sino devolverlos a ellos.<\/p>\n\n\n\n<p class=\"has-medium-font-size\">Ya se ha visto, desde Calder\u00f3n, cu\u00e1ntos abusos y violaciones a derechos humanos han cometido una vez que se les encargaron labores que no les correspond\u00edan. Este es un punto donde todo el pa\u00eds, incluyendo a la<br>oposici\u00f3n, a la sociedad civil y a los sectores en verdad progresistas de la 4T, deber\u00eda actuar en conjunto para frenar la peligros\u00edsima deriva militar del Presidente.<\/p>\n","protected":false},"excerpt":{"rendered":"<p>Por Jorge Volpi La tr\u00e1gica ruptura de la promesa de regresar el Ej\u00e9rcito a los&#8230;<\/p>\n","protected":false},"author":4,"featured_media":0,"comment_status":"closed","ping_status":"closed","sticky":false,"template":"","format":"standard","meta":{"footnotes":""},"categories":[15],"tags":[],"class_list":["post-26080","post","type-post","status-publish","format-standard","hentry","category-opinion"],"_links":{"self":[{"href":"https:\/\/bambapolitica.com.mx\/index.php\/wp-json\/wp\/v2\/posts\/26080","targetHints":{"allow":["GET"]}}],"collection":[{"href":"https:\/\/bambapolitica.com.mx\/index.php\/wp-json\/wp\/v2\/posts"}],"about":[{"href":"https:\/\/bambapolitica.com.mx\/index.php\/wp-json\/wp\/v2\/types\/post"}],"author":[{"embeddable":true,"href":"https:\/\/bambapolitica.com.mx\/index.php\/wp-json\/wp\/v2\/users\/4"}],"replies":[{"embeddable":true,"href":"https:\/\/bambapolitica.com.mx\/index.php\/wp-json\/wp\/v2\/comments?post=26080"}],"version-history":[{"count":2,"href":"https:\/\/bambapolitica.com.mx\/index.php\/wp-json\/wp\/v2\/posts\/26080\/revisions"}],"predecessor-version":[{"id":26087,"href":"https:\/\/bambapolitica.com.mx\/index.php\/wp-json\/wp\/v2\/posts\/26080\/revisions\/26087"}],"wp:attachment":[{"href":"https:\/\/bambapolitica.com.mx\/index.php\/wp-json\/wp\/v2\/media?parent=26080"}],"wp:term":[{"taxonomy":"category","embeddable":true,"href":"https:\/\/bambapolitica.com.mx\/index.php\/wp-json\/wp\/v2\/categories?post=26080"},{"taxonomy":"post_tag","embeddable":true,"href":"https:\/\/bambapolitica.com.mx\/index.php\/wp-json\/wp\/v2\/tags?post=26080"}],"curies":[{"name":"wp","href":"https:\/\/api.w.org\/{rel}","templated":true}]}}