{"id":26083,"date":"2021-06-21T11:00:48","date_gmt":"2021-06-21T17:00:48","guid":{"rendered":"http:\/\/bambapolitica.com.mx\/?p=26083"},"modified":"2021-06-21T11:00:49","modified_gmt":"2021-06-21T17:00:49","slug":"choque-de-audi-en-ecatepec-deja-4-muertos-y-varios-lesionados","status":"publish","type":"post","link":"https:\/\/bambapolitica.com.mx\/index.php\/2021\/06\/21\/choque-de-audi-en-ecatepec-deja-4-muertos-y-varios-lesionados\/","title":{"rendered":"Choque de Audi en Ecatepec deja 4 muertos y varios lesionados"},"content":{"rendered":"\n<p class=\"has-medium-font-size\">Cuatro muertos y al menos cuatro heridos fue el saldo de un fatal choque&nbsp;la madrugada de este domingo en el municipio de Ecatepec en el Estado de M\u00e9xico.&nbsp;<\/p>\n\n\n\n<p class=\"has-medium-font-size\">Los hechos ocurrieron sobre avenida Central a la altura de la estaci\u00f3n&nbsp;Melchor M\u00fazquiz del Metro en la&nbsp;colonia La Florida. Un veh\u00edculo Audi rojo&nbsp;volc\u00f3 y choc\u00f3 contra un poste luego de que el conductor perdi\u00f3 el control de la unidad.&nbsp;<\/p>\n\n\n\n<figure class=\"wp-block-image size-large\"><img decoding=\"async\" src=\"https:\/\/bambapolitica.com.mx\/wp-content\/uploads\/2021\/06\/E4U9WFZWUAAB2Er-1024x576.jpeg\" alt=\"\" class=\"wp-image-26091\"\/><\/figure>\n\n\n\n<p class=\"has-medium-font-size\">Algunos de los tripulantes salieron proyectados del veh\u00edculo de lujo debido al impacto.&nbsp;Presuntamente&nbsp;viajaban en estado de ebriedad.<\/p>\n\n\n\n<p class=\"has-medium-font-size\">Al sitio arribaron polic\u00edas municipales y param\u00e9dicos de Protecci\u00f3n Civil&nbsp;quienes trasladaron a los heridos a hospitales para su atenci\u00f3n m\u00e9dica.&nbsp;<\/p>\n\n\n\n<figure class=\"wp-block-image size-large\"><img decoding=\"async\" src=\"https:\/\/bambapolitica.com.mx\/wp-content\/uploads\/2021\/06\/E4U9V77WEAEYdRX.jpeg\" alt=\"\" class=\"wp-image-26090\"\/><\/figure>\n\n\n\n<p class=\"has-medium-font-size\">Personal de la Fiscal\u00eda General de Justicia (FGJEM) acudi\u00f3 a la zona del incidente y recabo las primeras pruebas para dar inicio a la carpeta de investigaci\u00f3n por los delitos de homicidio y lesiones contra quien resulte responsable.&nbsp;<\/p>\n\n\n\n<p class=\"has-medium-font-size\">El veh\u00edculo rojo con matr\u00edcula X33-BFW qued\u00f3 pr\u00e1cticamente destruido.&nbsp;<\/p>\n\n\n\n<figure class=\"wp-block-image size-large\"><img decoding=\"async\" src=\"https:\/\/bambapolitica.com.mx\/wp-content\/uploads\/2021\/06\/E4U9Vu7XEAYbrN0-1024x595.jpeg\" alt=\"\" class=\"wp-image-26088\"\/><\/figure>\n","protected":false},"excerpt":{"rendered":"<p>Cuatro muertos y al menos cuatro heridos fue el saldo de un fatal choque&nbsp;la madrugada&#8230;<\/p>\n","protected":false},"author":4,"featured_media":0,"comment_status":"closed","ping_status":"closed","sticky":false,"template":"","format":"standard","meta":{"footnotes":""},"categories":[2],"tags":[],"class_list":["post-26083","post","type-post","status-publish","format-standard","hentry","category-policiaca"],"_links":{"self":[{"href":"https:\/\/bambapolitica.com.mx\/index.php\/wp-json\/wp\/v2\/posts\/26083","targetHints":{"allow":["GET"]}}],"collection":[{"href":"https:\/\/bambapolitica.com.mx\/index.php\/wp-json\/wp\/v2\/posts"}],"about":[{"href":"https:\/\/bambapolitica.com.mx\/index.php\/wp-json\/wp\/v2\/types\/post"}],"author":[{"embeddable":true,"href":"https:\/\/bambapolitica.com.mx\/index.php\/wp-json\/wp\/v2\/users\/4"}],"replies":[{"embeddable":true,"href":"https:\/\/bambapolitica.com.mx\/index.php\/wp-json\/wp\/v2\/comments?post=26083"}],"version-history":[{"count":2,"href":"https:\/\/bambapolitica.com.mx\/index.php\/wp-json\/wp\/v2\/posts\/26083\/revisions"}],"predecessor-version":[{"id":26142,"href":"https:\/\/bambapolitica.com.mx\/index.php\/wp-json\/wp\/v2\/posts\/26083\/revisions\/26142"}],"wp:attachment":[{"href":"https:\/\/bambapolitica.com.mx\/index.php\/wp-json\/wp\/v2\/media?parent=26083"}],"wp:term":[{"taxonomy":"category","embeddable":true,"href":"https:\/\/bambapolitica.com.mx\/index.php\/wp-json\/wp\/v2\/categories?post=26083"},{"taxonomy":"post_tag","embeddable":true,"href":"https:\/\/bambapolitica.com.mx\/index.php\/wp-json\/wp\/v2\/tags?post=26083"}],"curies":[{"name":"wp","href":"https:\/\/api.w.org\/{rel}","templated":true}]}}