{"id":26094,"date":"2021-06-21T08:58:21","date_gmt":"2021-06-21T14:58:21","guid":{"rendered":"http:\/\/bambapolitica.com.mx\/?p=26094"},"modified":"2021-06-21T08:58:24","modified_gmt":"2021-06-21T14:58:24","slug":"el-premio-de-saldana","status":"publish","type":"post","link":"https:\/\/bambapolitica.com.mx\/index.php\/2021\/06\/21\/el-premio-de-saldana\/","title":{"rendered":"El premio de Salda\u00f1a"},"content":{"rendered":"\n<p class=\"has-medium-font-size\">PLUMA NEGRA<\/p>\n\n\n\n<p class=\"has-medium-font-size\">Ignacio Alvarez<\/p>\n\n\n\n<p class=\"has-medium-font-size\">Rascacielos da para m\u00e1s<\/p>\n\n\n\n<p class=\"has-medium-font-size\">Arde Jes\u00fas Carranza<\/p>\n\n\n\n<p class=\"has-medium-font-size\">Dicen que el art\u00edfice de la estrategia electoral con el que Morena pudo alcanzar su aplastante triunfo el pasado domingo 6 de junio, tiene nombre y apellido, resulta que como afirma el adagio \u201cquien hace la ley, hace la trampa\u201d as\u00ed opera el consejero del INE, Jos\u00e9 Roberto Ruiz Salda\u00f1a, quien ahora se perfila con l\u00ednea directa para la Rector\u00eda de la UV.<\/p>\n\n\n\n<p class=\"has-medium-font-size\">Habilidoso para encantar reptiles, el veracruzano, ideo el mecanismo de hacer magia en para hacer ganar y hacer perder a candidatos en la pasada elecci\u00f3n del pasado 6 de junio,&nbsp; la mayor\u00eda a favor de MORENA.<\/p>\n\n\n\n<p class=\"has-medium-font-size\">El art\u00edfice de la sorpresiva victoria para el partido en el poder, podr\u00eda recibir como premio la Universidad Veracruzana (UV) su bot\u00edn, con ayuda de la misma rectora, Sara Ladr\u00f3n de Guevara, a la que la Unidad de Inteligencia Financiera (UIF) de la Secretar\u00eda de Hacienda y Cr\u00e9dito P\u00fablico (SCHP) le deslizara sendos expedientes, en donde se comprueba c\u00f3mo junto a su c\u00f3nyuge usufructuaron el presupuesto de la m\u00e1xima casa de estudios en su favor, so pena de ser procesados \u201cipso facto\u201d a la menor negativa de coadyuvar con el plan Salda\u00f1a, quien ya hasta conferencia de prensa ofreci\u00f3 en el puerto de Veracruz, para develar sus intereses.<\/p>\n\n\n\n<p class=\"has-medium-font-size\">El proceso de selecci\u00f3n del nuevo rector de la UV ser\u00e1 la \u00faltima acci\u00f3n de un plan fraguado desde la mente de quien ahora administra la democracia en Veracruz, y tras su sabio consejo, anim\u00f3, ayudo, y concret\u00f3 el triunfo ante la sorpresa de propios y extra\u00f1os.<\/p>\n\n\n\n<p class=\"has-large-font-size\">Rascacielos da para m\u00e1s<\/p>\n\n\n\n<p class=\"has-medium-font-size\">El periodista Miguel Angel Barrag\u00e1n, document\u00f3 las violaciones legaloides en el proceso de construcci\u00f3n del rascacielos de Veracruz, llamada Torre Centro. En una investigaci\u00f3n detalla que fue en la administraci\u00f3n de Miguel Angel Yunes Linares cuando la Secretar\u00eda del Medio Ambiente autoriz\u00f3 exentar el Manifiesto de Impacto Ambiental (MIA) para ese proyecto.<\/p>\n\n\n\n<p class=\"has-medium-font-size\">De acuerdo el documento presentado, el entonces Director General de Control y Evaluaci\u00f3n Ambiental de la SEDEMA, el bi\u00f3logo, Rafael Amador, el inmueble no requer\u00eda del MIA; esta informaci\u00f3n se agrega a la ya conocida de que tampoco el Instituto Nacional de Antropolog\u00eda e Historia autoriz\u00f3 el proyecto y que el \u00fanico personaje visible es Carlos Ramos de la Medina, suplente del actual alcalde porte\u00f1o.<\/p>\n\n\n\n<p class=\"has-medium-font-size\">Sin embargo, el pol\u00e9mico rascacielos da para m\u00e1s, resulta que los vecinos aseguran que un ex candidato a gobernador que no gan\u00f3, tambi\u00e9n hace presencia de manera peri\u00f3dica en el edificio en construcci\u00f3n y fuentes del sector de la construcci\u00f3n y del ramo inmobiliario hablan tambi\u00e9n cada vez m\u00e1s fuerte de que hay otro candidato perdedor de las recientes elecciones que forma parte de ese proyecto de departamentos y hotel de lujo de 24 pisos y m\u00e1s de 70 metros de alto.<\/p>\n\n\n\n<p class=\"has-medium-font-size\">El pol\u00e9mico rascacielos se ha convertido en un verdadero problema, si le siguen rascando, es muy posible que se salga de control la informaci\u00f3n y su rebane salpique a m\u00e1s de dos pol\u00edticos de diferentes colores, en el puerto de Veracruz la comunidad de elite es muy transparente y todos conocen los proyectos de todos.<\/p>\n\n\n\n<p class=\"has-medium-font-size\">De hecho, otro involucrado es el ex alcalde, Ram\u00f3n Poo Gil quien horas antes de entregar la administraci\u00f3n se atrevi\u00f3 a convocar a sesi\u00f3n de cabildo para aprobar el cambio de uso de suelo como un favor especial y un gesto de sumisi\u00f3n a la administraci\u00f3n entrante.<\/p>\n\n\n\n<p class=\"has-large-font-size\">Arde Jesus Carranza<\/p>\n\n\n\n<p class=\"has-medium-font-size\">En el municipio de Jesus Carranza la lucha entre cacicazgos locales para tener el control desde la administraci\u00f3n municipal alarg\u00f3 el proceso electoral del pasado domingo 6 de junio y 15 d\u00edas despu\u00e9s ha sucedido de todo, menos una elecci\u00f3n democr\u00e1tica que defina a las nuevas autoridades.<\/p>\n\n\n\n<p class=\"has-medium-font-size\">La lucha por el poder entre el PT y MORENA que participaron por separado en esa localidad ya provoc\u00f3 enfrentamientos graves, quema de boletas y agresiones entre civiles y polic\u00edas, por una diferencia de menos de un punto porcentual, las cosas se complican y todo apunta a la anulaci\u00f3n de la elecci\u00f3n. La historia continua\u2026.<\/p>\n","protected":false},"excerpt":{"rendered":"<p>PLUMA NEGRA Ignacio Alvarez Rascacielos da para m\u00e1s Arde Jes\u00fas Carranza Dicen que el art\u00edfice&#8230;<\/p>\n","protected":false},"author":4,"featured_media":0,"comment_status":"closed","ping_status":"closed","sticky":false,"template":"","format":"standard","meta":{"footnotes":""},"categories":[4],"tags":[],"class_list":["post-26094","post","type-post","status-publish","format-standard","hentry","category-noticias-del-dia"],"_links":{"self":[{"href":"https:\/\/bambapolitica.com.mx\/index.php\/wp-json\/wp\/v2\/posts\/26094","targetHints":{"allow":["GET"]}}],"collection":[{"href":"https:\/\/bambapolitica.com.mx\/index.php\/wp-json\/wp\/v2\/posts"}],"about":[{"href":"https:\/\/bambapolitica.com.mx\/index.php\/wp-json\/wp\/v2\/types\/post"}],"author":[{"embeddable":true,"href":"https:\/\/bambapolitica.com.mx\/index.php\/wp-json\/wp\/v2\/users\/4"}],"replies":[{"embeddable":true,"href":"https:\/\/bambapolitica.com.mx\/index.php\/wp-json\/wp\/v2\/comments?post=26094"}],"version-history":[{"count":1,"href":"https:\/\/bambapolitica.com.mx\/index.php\/wp-json\/wp\/v2\/posts\/26094\/revisions"}],"predecessor-version":[{"id":26098,"href":"https:\/\/bambapolitica.com.mx\/index.php\/wp-json\/wp\/v2\/posts\/26094\/revisions\/26098"}],"wp:attachment":[{"href":"https:\/\/bambapolitica.com.mx\/index.php\/wp-json\/wp\/v2\/media?parent=26094"}],"wp:term":[{"taxonomy":"category","embeddable":true,"href":"https:\/\/bambapolitica.com.mx\/index.php\/wp-json\/wp\/v2\/categories?post=26094"},{"taxonomy":"post_tag","embeddable":true,"href":"https:\/\/bambapolitica.com.mx\/index.php\/wp-json\/wp\/v2\/tags?post=26094"}],"curies":[{"name":"wp","href":"https:\/\/api.w.org\/{rel}","templated":true}]}}