{"id":26095,"date":"2021-06-21T11:00:44","date_gmt":"2021-06-21T17:00:44","guid":{"rendered":"http:\/\/bambapolitica.com.mx\/?p=26095"},"modified":"2021-06-21T11:00:45","modified_gmt":"2021-06-21T17:00:45","slug":"detienen-a-trabajador-de-tsjcdmx-por-ejercicio-indebido-del-servicio-publico","status":"publish","type":"post","link":"https:\/\/bambapolitica.com.mx\/index.php\/2021\/06\/21\/detienen-a-trabajador-de-tsjcdmx-por-ejercicio-indebido-del-servicio-publico\/","title":{"rendered":"Detienen a trabajador de TSJCDMX por ejercicio indebido del servicio p\u00fablico"},"content":{"rendered":"\n<p class=\"has-medium-font-size\">Agentes de la Polic\u00eda de Investigaci\u00f3n capturaron a Miguel \u00c1ngel &#8220;N&#8221;, de 27 a\u00f1os de edad, encargado del archivo y valores de una Unidad de Gesti\u00f3n Judicial del Tribunal Superior de Justicia de la Ciudad de M\u00e9xico.<\/p>\n\n\n\n<p class=\"has-medium-font-size\">Peralta Soto est\u00e1 acusado de ejercicio indebido del servicio p\u00fablico, en hechos de 2019.<\/p>\n\n\n\n<p class=\"has-medium-font-size\">Con base en los datos de la carpeta de investigaci\u00f3n, el 5 de noviembre de 2019 el denunciante se percat\u00f3 de la falta de un billete de dep\u00f3sito, del cual fue informado d\u00edas despu\u00e9s por el Banco del Ahorro Nacional y Servicios Financieros, que este fue cobrado por un familiar del ahora aprehendido.<\/p>\n\n\n\n<p class=\"has-medium-font-size\">La detenci\u00f3n del responsable se llev\u00f3 a cabo en la colonia Barrio San Lucas, alcald\u00eda Iztapalapa, y posteriormente fue trasladado al Reclusorio Preventivo Varonil Sur en donde se definir\u00e1 su situaci\u00f3n jur\u00eddica.<\/p>\n","protected":false},"excerpt":{"rendered":"<p>Agentes de la Polic\u00eda de Investigaci\u00f3n capturaron a Miguel \u00c1ngel &#8220;N&#8221;, de 27 a\u00f1os de&#8230;<\/p>\n","protected":false},"author":4,"featured_media":0,"comment_status":"closed","ping_status":"closed","sticky":false,"template":"","format":"standard","meta":{"footnotes":""},"categories":[2],"tags":[],"class_list":["post-26095","post","type-post","status-publish","format-standard","hentry","category-policiaca"],"_links":{"self":[{"href":"https:\/\/bambapolitica.com.mx\/index.php\/wp-json\/wp\/v2\/posts\/26095","targetHints":{"allow":["GET"]}}],"collection":[{"href":"https:\/\/bambapolitica.com.mx\/index.php\/wp-json\/wp\/v2\/posts"}],"about":[{"href":"https:\/\/bambapolitica.com.mx\/index.php\/wp-json\/wp\/v2\/types\/post"}],"author":[{"embeddable":true,"href":"https:\/\/bambapolitica.com.mx\/index.php\/wp-json\/wp\/v2\/users\/4"}],"replies":[{"embeddable":true,"href":"https:\/\/bambapolitica.com.mx\/index.php\/wp-json\/wp\/v2\/comments?post=26095"}],"version-history":[{"count":1,"href":"https:\/\/bambapolitica.com.mx\/index.php\/wp-json\/wp\/v2\/posts\/26095\/revisions"}],"predecessor-version":[{"id":26099,"href":"https:\/\/bambapolitica.com.mx\/index.php\/wp-json\/wp\/v2\/posts\/26095\/revisions\/26099"}],"wp:attachment":[{"href":"https:\/\/bambapolitica.com.mx\/index.php\/wp-json\/wp\/v2\/media?parent=26095"}],"wp:term":[{"taxonomy":"category","embeddable":true,"href":"https:\/\/bambapolitica.com.mx\/index.php\/wp-json\/wp\/v2\/categories?post=26095"},{"taxonomy":"post_tag","embeddable":true,"href":"https:\/\/bambapolitica.com.mx\/index.php\/wp-json\/wp\/v2\/tags?post=26095"}],"curies":[{"name":"wp","href":"https:\/\/api.w.org\/{rel}","templated":true}]}}