{"id":26115,"date":"2021-06-21T11:00:30","date_gmt":"2021-06-21T17:00:30","guid":{"rendered":"http:\/\/bambapolitica.com.mx\/?p=26115"},"modified":"2021-06-21T11:00:32","modified_gmt":"2021-06-21T17:00:32","slug":"angelina-jolie-visita-campo-de-refugiados-en-burkina-faso","status":"publish","type":"post","link":"https:\/\/bambapolitica.com.mx\/index.php\/2021\/06\/21\/angelina-jolie-visita-campo-de-refugiados-en-burkina-faso\/","title":{"rendered":"Angelina Jolie visita campo de refugiados en Burkina Faso"},"content":{"rendered":"\n<p class=\"has-medium-font-size\">La actriz estadounidense&nbsp;Angelina Jolie, enviada especial de la&nbsp;Agencia de la ONU para los Refugiados&nbsp;(ACNUR), visit\u00f3 este domingo un campo de refugiados de Burkina Faso que alberga a miles de mal\u00edes que han huido de la violencia yihadista, presenci\u00f3 un periodista de la AFP.<\/p>\n\n\n\n<p class=\"has-medium-font-size\">Angelina Jolie lleg\u00f3 al campo de refugiados de Goudebou a bordo de un helic\u00f3ptero acompa\u00f1ada por el ministro de Relaciones Exteriores de Burkina Faso, Alpha Barry, para conmemorar el D\u00eda Mundial del Refugiado, que se celebra el 20 de junio.<\/p>\n\n\n\n<p class=\"has-medium-font-size\">&#8220;Celebro este d\u00eda todos los a\u00f1os desde hace 20 a\u00f1os con refugiados en diferentes pa\u00edses, y nunca me ha preocupado tanto el estado de los desplazamientos en el mundo como hoy&#8221;, declar\u00f3 la actriz tras la visita a este campamento situado a un centenar de kil\u00f3metros de la frontera con Mal\u00ed.<\/p>\n\n\n\n<p class=\"has-medium-font-size\">&#8220;La verdad es que no hacemos la mitad de lo que podr\u00edamos y deber\u00edamos hacer para encontrar soluciones que permitan que los refugiados regresen a casa o para apoyar a los pa\u00edses de acogida&#8221;, a\u00f1adi\u00f3. Y&nbsp;pidi\u00f3 apoyo para los estados que acogen a refugiados como Burkina Faso.<\/p>\n\n\n\n<p class=\"has-medium-font-size\">Este campamento, situado cerca de Dori,&nbsp;fue blanco de m\u00faltiples ataques.<\/p>\n\n\n\n<p class=\"has-medium-font-size\">En marzo de 2020, un nuevo ataque al puesto de seguridad del campamento, que entonces albergaba a hasta 9.000 refugiados, provoc\u00f3 la huida de aquellos que se hab\u00edan quedado de veces anteriores, generando el cierre de hecho de Goudebou.<\/p>\n\n\n\n<p class=\"has-medium-font-size\">Desde diciembre, las autoridades de Burkina Faso y ACNUR llevan nuevamente a los refugiados a este campamento, despu\u00e9s de haber reforzado el dispositivo de seguridad con militares y patrullas. Se ha previsto la construcci\u00f3n de un cuartel.<\/p>\n\n\n\n<p class=\"has-medium-font-size\">Entre diciembre y junio, casi 11.000 personas de ciudades del norte de Burkina Faso regresaron a Goudebou, seg\u00fan ACNUR.<\/p>\n\n\n\n<p class=\"has-medium-font-size\">&#8220;Los refugiados est\u00e1n mortificados porque el contexto de seguridad se deteriora d\u00eda a d\u00eda pese a los esfuerzos de las autoridades de Burkina Faso, de sus socios y de las fuerzas de defensa y seguridad en la regi\u00f3n del Sahel&#8221;, declar\u00f3 el representante de los refugiados de Goudebou, Wanadine ag Mohamed.<\/p>\n\n\n\n<p class=\"has-medium-font-size\">Record\u00f3 la tragedia de Solhan (noreste de Burkina Faso), durante la cual 132 personas -seg\u00fan las autoridades- y 160 -seg\u00fan fuentes locales- murieron en un ataque de presuntos yihadistas el 4 de junio por la noche.<\/p>\n\n\n\n<p class=\"has-medium-font-size\">Desde 2012, unos 22.000 refugiados de diversas nacionalidades se han refugiado en Burkina Faso, incluidos muchos mal\u00edes que huyen de la violencia de grupos yihadistas en el norte y el centro de su pa\u00eds.<\/p>\n\n\n\n<p class=\"has-medium-font-size\">Pero Burkina es blanco de ataques yihadistas desde 2015, que han causado m\u00e1s de 1.400 muertos y obligado a un mill\u00f3n de personas a huir de sus hogares.<\/p>\n","protected":false},"excerpt":{"rendered":"<p>La actriz estadounidense&nbsp;Angelina Jolie, enviada especial de la&nbsp;Agencia de la ONU para los Refugiados&nbsp;(ACNUR), visit\u00f3&#8230;<\/p>\n","protected":false},"author":4,"featured_media":0,"comment_status":"closed","ping_status":"closed","sticky":false,"template":"","format":"standard","meta":{"footnotes":""},"categories":[3],"tags":[],"class_list":["post-26115","post","type-post","status-publish","format-standard","hentry","category-espectaculos"],"_links":{"self":[{"href":"https:\/\/bambapolitica.com.mx\/index.php\/wp-json\/wp\/v2\/posts\/26115","targetHints":{"allow":["GET"]}}],"collection":[{"href":"https:\/\/bambapolitica.com.mx\/index.php\/wp-json\/wp\/v2\/posts"}],"about":[{"href":"https:\/\/bambapolitica.com.mx\/index.php\/wp-json\/wp\/v2\/types\/post"}],"author":[{"embeddable":true,"href":"https:\/\/bambapolitica.com.mx\/index.php\/wp-json\/wp\/v2\/users\/4"}],"replies":[{"embeddable":true,"href":"https:\/\/bambapolitica.com.mx\/index.php\/wp-json\/wp\/v2\/comments?post=26115"}],"version-history":[{"count":2,"href":"https:\/\/bambapolitica.com.mx\/index.php\/wp-json\/wp\/v2\/posts\/26115\/revisions"}],"predecessor-version":[{"id":26138,"href":"https:\/\/bambapolitica.com.mx\/index.php\/wp-json\/wp\/v2\/posts\/26115\/revisions\/26138"}],"wp:attachment":[{"href":"https:\/\/bambapolitica.com.mx\/index.php\/wp-json\/wp\/v2\/media?parent=26115"}],"wp:term":[{"taxonomy":"category","embeddable":true,"href":"https:\/\/bambapolitica.com.mx\/index.php\/wp-json\/wp\/v2\/categories?post=26115"},{"taxonomy":"post_tag","embeddable":true,"href":"https:\/\/bambapolitica.com.mx\/index.php\/wp-json\/wp\/v2\/tags?post=26115"}],"curies":[{"name":"wp","href":"https:\/\/api.w.org\/{rel}","templated":true}]}}