{"id":26122,"date":"2021-06-21T09:28:14","date_gmt":"2021-06-21T15:28:14","guid":{"rendered":"http:\/\/bambapolitica.com.mx\/?p=26122"},"modified":"2021-06-21T09:28:20","modified_gmt":"2021-06-21T15:28:20","slug":"avistamiento-de-luciernagas-como-caminar-entre-las-estrellas","status":"publish","type":"post","link":"https:\/\/bambapolitica.com.mx\/index.php\/2021\/06\/21\/avistamiento-de-luciernagas-como-caminar-entre-las-estrellas\/","title":{"rendered":"Avistamiento de luci\u00e9rnagas, como caminar entre las \u201cestrellas\u201d"},"content":{"rendered":"\n<p class=\"has-medium-font-size\">A m\u00e1s de un a\u00f1o de suspender actividades por la pandemia de covid-19, los recorridos en el municipio de Amecameca podr\u00e1n realizarse de nuevo.<\/p>\n\n\n\n<p class=\"has-medium-font-size\">Luego de m\u00e1s de a\u00f1o y medio que los bosques y parques del Estado de M\u00e9xico cerraran sus puertas por la pandemia de covid-19, la \u00faltima semana de junio comenzaron retomar sus actividades. Por lo que atractivos como el del avistamiento de las luci\u00e9rnagas en el municipio de Amecameca reactivaron sus recorridos en el Bosque Esmeralda, Bosque Del Valle y Chalma Teplaltolulco, pero con medidas sanitarias extremas para evitar contagios del nuevo SARS-CoV-2 entre los visitantes y el personal.<\/p>\n\n\n\n<p class=\"has-medium-font-size\">El aforo no puede ser mayor a 30 por ciento, por lo que se reciben 50 personas por d\u00eda, cuando en a\u00f1os anteriores se abr\u00edan las puertas a m\u00e1s de 300 visitantes. Juan Pablo Del Valle, gerente de Rancho Del Valle, explic\u00f3 que los recorridos se realizan a trav\u00e9s de c\u00e9lulas, es decir, \u201csi llega una familia de 10 personas, ellos van juntos con un gu\u00eda que les va explicando y a tres metros va otra c\u00e9lula, ya sea una familia o grupo de amigos, no mezclamos a grupos\u201d.<\/p>\n\n\n\n<p class=\"has-medium-font-size\">Diario, resalt\u00f3, se realizan desinfecciones de las instalaciones para evitar que el virus quede en alguna una superficie, adem\u00e1s en el acceso una persona ofrece gel antibacterial y toma la temperatura con un term\u00f3metro infrarrojo que ayuda a mantener la distancia, adem\u00e1s todos deben portar cubrebocas y son sometidos a un proceso de desinfecci\u00f3n para poder ingresar.<\/p>\n\n\n\n<div class=\"wp-block-image\"><figure class=\"aligncenter size-large\"><img decoding=\"async\" src=\"https:\/\/bambapolitica.com.mx\/wp-content\/uploads\/2021\/06\/luciernagas-1-1-1024x683.jpg\" alt=\"\" class=\"wp-image-26127\"\/><\/figure><\/div>\n\n\n\n<p class=\"has-medium-font-size\">\u201cTenemos medidas extremas, lo dem\u00e1s depende de ellos, lavarse las manos con frecuencia, evitar tocarse la cara y no acercarse a otras personas, afortunadamente no hemos tenido ning\u00fan problema hasta el momento y la gente ha respondido de buena manera respetando las indicaciones\u201d.<\/p>\n\n\n\n<p class=\"has-large-font-size\">\u00bfCu\u00e1ndo se pueden ver luci\u00e9rnagas?<\/p>\n\n\n\n<p class=\"has-medium-font-size\">El avistamiento se da durante la temporada de lluvias en las zonas boscosas, aproximadamente entre los meses de junio y agosto, esta es la temporada de reproducci\u00f3n y es cuando caminar por el bosque se convierte en un paseo entre las estrellas. El Photinus palaciosi es la luci\u00e9rnaga end\u00e9mica del Eje Neovolc\u00e1nico Transversal, perteneciente a los bosques de Tlaxcala, Puebla y Estado de M\u00e9xico. Actualmente, los tres sitios de avistamiento en Amecameca realizan actividades de investigaci\u00f3n, restauraci\u00f3n y educaci\u00f3n ambiental, con el apoyo de la Divisi\u00f3n de Ciencias Forestales (DICIFO) de la Universidad Aut\u00f3noma Chapingo (UACh) y el Instituto de Ecolog\u00eda de la Universidad Aut\u00f3noma de M\u00e9xico (UNAM). Explic\u00f3 que los visitantes no pueden utilizar repelente para insectos, caminan en completa oscuridad y en silencio, adem\u00e1s con extremo cuidado de no pisar a las luci\u00e9rnagas.<\/p>\n\n\n\n<div class=\"wp-block-image\"><figure class=\"aligncenter size-large\"><img decoding=\"async\" src=\"https:\/\/bambapolitica.com.mx\/wp-content\/uploads\/2021\/06\/luciernagas-2-1-1024x674.jpg\" alt=\"\" class=\"wp-image-26129\"\/><\/figure><\/div>\n\n\n\n<p class=\"has-medium-font-size\">El costo por esta actividad es de 150 pesos la entrada general, 130 para maestros, 75 pesos para ni\u00f1os de 6 a 12 a\u00f1os; las personas con capacidades diferentes y los ni\u00f1os menores de cinco a\u00f1os entran gratis. Las reservaciones pueden realizarse a trav\u00e9s de las p\u00e1ginas oficiales de los tres parques en Facebook.<\/p>\n\n\n\n<p class=\"has-large-font-size\">Impacto por la pandemia<\/p>\n\n\n\n<p class=\"has-medium-font-size\">Esta y otras actividades que ofrecen todos los a\u00f1os diversos parques ecotur\u00edsticos apoyan a la preservaci\u00f3n de bosques del Estado de M\u00e9xico; sin embargo, la baja de afluencia de personas ha complicado sus ingresos. \u201cNosotros \u00edbamos a empezar el 23 de mayo con los recorridos, perdimos pr\u00e1cticamente un mes, \u00fanicamente de la temporada y en total tres de la renta de las caba\u00f1as, visitas al parque y otras atracciones con las que contamos\u201d.<\/p>\n\n\n\n<p class=\"has-medium-font-size\">Debido a que los ingresos econ\u00f3micos son pocos, por el momento se utilizan para mantener los sueldos de las personas que laboran en las reservas, por lo que los responsables invitan a la poblaci\u00f3n a acudir a estos lugares y reencontrarse con la naturaleza con las medidas adecuadas, ya que con ello se reactiva la econom\u00eda de la zona y se preservan los bosques.<\/p>\n","protected":false},"excerpt":{"rendered":"<p>A m\u00e1s de un a\u00f1o de suspender actividades por la pandemia de covid-19, los recorridos&#8230;<\/p>\n","protected":false},"author":4,"featured_media":0,"comment_status":"closed","ping_status":"closed","sticky":false,"template":"","format":"standard","meta":{"footnotes":""},"categories":[4],"tags":[],"class_list":["post-26122","post","type-post","status-publish","format-standard","hentry","category-noticias-del-dia"],"_links":{"self":[{"href":"https:\/\/bambapolitica.com.mx\/index.php\/wp-json\/wp\/v2\/posts\/26122","targetHints":{"allow":["GET"]}}],"collection":[{"href":"https:\/\/bambapolitica.com.mx\/index.php\/wp-json\/wp\/v2\/posts"}],"about":[{"href":"https:\/\/bambapolitica.com.mx\/index.php\/wp-json\/wp\/v2\/types\/post"}],"author":[{"embeddable":true,"href":"https:\/\/bambapolitica.com.mx\/index.php\/wp-json\/wp\/v2\/users\/4"}],"replies":[{"embeddable":true,"href":"https:\/\/bambapolitica.com.mx\/index.php\/wp-json\/wp\/v2\/comments?post=26122"}],"version-history":[{"count":1,"href":"https:\/\/bambapolitica.com.mx\/index.php\/wp-json\/wp\/v2\/posts\/26122\/revisions"}],"predecessor-version":[{"id":26130,"href":"https:\/\/bambapolitica.com.mx\/index.php\/wp-json\/wp\/v2\/posts\/26122\/revisions\/26130"}],"wp:attachment":[{"href":"https:\/\/bambapolitica.com.mx\/index.php\/wp-json\/wp\/v2\/media?parent=26122"}],"wp:term":[{"taxonomy":"category","embeddable":true,"href":"https:\/\/bambapolitica.com.mx\/index.php\/wp-json\/wp\/v2\/categories?post=26122"},{"taxonomy":"post_tag","embeddable":true,"href":"https:\/\/bambapolitica.com.mx\/index.php\/wp-json\/wp\/v2\/tags?post=26122"}],"curies":[{"name":"wp","href":"https:\/\/api.w.org\/{rel}","templated":true}]}}