{"id":26146,"date":"2021-06-21T12:47:59","date_gmt":"2021-06-21T18:47:59","guid":{"rendered":"http:\/\/bambapolitica.com.mx\/?p=26146"},"modified":"2021-06-21T12:49:45","modified_gmt":"2021-06-21T18:49:45","slug":"la-dirigencia-de-guzman-aviles-entrego-los-peores-resultados-del-pan-de-los-ultimos-15-anos","status":"publish","type":"post","link":"https:\/\/bambapolitica.com.mx\/index.php\/2021\/06\/21\/la-dirigencia-de-guzman-aviles-entrego-los-peores-resultados-del-pan-de-los-ultimos-15-anos\/","title":{"rendered":"La dirigencia de Guzm\u00e1n Avil\u00e9s entreg\u00f3 los peores resultados del PAN de los \u00faltimos 15 a\u00f1os"},"content":{"rendered":"\n<p class=\"has-medium-font-size\">Vuelven los golpes bajos!!!<\/p>\n\n\n\n<ul class=\"wp-block-list\"><li>Viene la renovaci\u00f3n del CDE del PAN a finales del a\u00f1o y los Yunistas quieren tumbar al Chapito.<\/li><li>Sergio Hern\u00e1ndez perteneciente a la corriente de los Yunes no quiere la reelecci\u00f3n de Guzm\u00e1n Avil\u00e9s.<\/li><\/ul>\n\n\n\n<p class=\"has-medium-font-size\">Xalapa, Ver. 21 junio 2021.<\/p>\n\n\n\n<p class=\"has-medium-font-size\">El retroceso del PAN en Veracruz durante el pasado proceso electoral es una muestra de que la estrategia presentada por el Comit\u00e9 Directivo Estatal que dirige Joaqu\u00edn Rosendo Guzm\u00e1n Avil\u00e9s no fue aprobada por la ciudadan\u00eda y por tanto es preciso un cambio de ideas y liderazgo para recuperar la confianza y no naufragar en 2024, declar\u00f3 el diputado local Sergio Hern\u00e1ndez Hern\u00e1ndez.<\/p>\n\n\n\n<p class=\"has-medium-font-size\">Y agreg\u00f3, \u201cen Veracruz el PAN qued\u00f3 totalmente desdibujado y su propuesta no perme\u00f3 entre la sociedad, de ah\u00ed la enorme perdida a nivel territorial, que nos exige hacer un profundo an\u00e1lisis de lo sucedido para mejorar en el futuro\u201d.<\/p>\n\n\n\n<p class=\"has-medium-font-size\">La militancia est\u00e1 muy dolida por los resultados y por la manera en que se ha conducido el Comit\u00e9 Directivo Estatal, por ejemplo, en Xalapa impusieron una alianza a nivel municipal y despu\u00e9s se desentendieron de la misma, sin que hasta ahora exista la m\u00e1s m\u00ednima autocr\u00edtica.<\/p>\n\n\n\n<p class=\"has-medium-font-size\">El PAN cuenta con una plataforma pol\u00edtica moderna acorde a los retos actuales, pero debemos replantear como comunicamos nuestras propuestas a la sociedad, con mensajes muy claros para sectores din\u00e1micos y muy importantes en la sociedad como son las mujeres y los j\u00f3venes, finaliz\u00f3 Sergio Hern\u00e1ndez Hern\u00e1ndez.<\/p>\n\n\n\n<div class=\"wp-block-image\"><figure class=\"aligncenter size-large\"><img decoding=\"async\" src=\"https:\/\/bambapolitica.com.mx\/wp-content\/uploads\/2021\/06\/mail-1-2.jpg\" alt=\"\" class=\"wp-image-26149\"\/><\/figure><\/div>\n","protected":false},"excerpt":{"rendered":"<p>Vuelven los golpes bajos!!! Viene la renovaci\u00f3n del CDE del PAN a finales del a\u00f1o&#8230;<\/p>\n","protected":false},"author":4,"featured_media":0,"comment_status":"closed","ping_status":"closed","sticky":false,"template":"","format":"standard","meta":{"footnotes":""},"categories":[4],"tags":[],"class_list":["post-26146","post","type-post","status-publish","format-standard","hentry","category-noticias-del-dia"],"_links":{"self":[{"href":"https:\/\/bambapolitica.com.mx\/index.php\/wp-json\/wp\/v2\/posts\/26146","targetHints":{"allow":["GET"]}}],"collection":[{"href":"https:\/\/bambapolitica.com.mx\/index.php\/wp-json\/wp\/v2\/posts"}],"about":[{"href":"https:\/\/bambapolitica.com.mx\/index.php\/wp-json\/wp\/v2\/types\/post"}],"author":[{"embeddable":true,"href":"https:\/\/bambapolitica.com.mx\/index.php\/wp-json\/wp\/v2\/users\/4"}],"replies":[{"embeddable":true,"href":"https:\/\/bambapolitica.com.mx\/index.php\/wp-json\/wp\/v2\/comments?post=26146"}],"version-history":[{"count":2,"href":"https:\/\/bambapolitica.com.mx\/index.php\/wp-json\/wp\/v2\/posts\/26146\/revisions"}],"predecessor-version":[{"id":26151,"href":"https:\/\/bambapolitica.com.mx\/index.php\/wp-json\/wp\/v2\/posts\/26146\/revisions\/26151"}],"wp:attachment":[{"href":"https:\/\/bambapolitica.com.mx\/index.php\/wp-json\/wp\/v2\/media?parent=26146"}],"wp:term":[{"taxonomy":"category","embeddable":true,"href":"https:\/\/bambapolitica.com.mx\/index.php\/wp-json\/wp\/v2\/categories?post=26146"},{"taxonomy":"post_tag","embeddable":true,"href":"https:\/\/bambapolitica.com.mx\/index.php\/wp-json\/wp\/v2\/tags?post=26146"}],"curies":[{"name":"wp","href":"https:\/\/api.w.org\/{rel}","templated":true}]}}