{"id":26169,"date":"2021-06-21T13:24:19","date_gmt":"2021-06-21T19:24:19","guid":{"rendered":"http:\/\/bambapolitica.com.mx\/?p=26169"},"modified":"2021-06-21T13:24:25","modified_gmt":"2021-06-21T19:24:25","slug":"manuel-huerta-el-gran-ganador-de-la-eleccion-de-morena-en-veracruz","status":"publish","type":"post","link":"https:\/\/bambapolitica.com.mx\/index.php\/2021\/06\/21\/manuel-huerta-el-gran-ganador-de-la-eleccion-de-morena-en-veracruz\/","title":{"rendered":"Manuel Huerta el gran ganador de la elecci\u00f3n de MORENA en Veracruz"},"content":{"rendered":"\n<p class=\"has-medium-font-size\">El S\u00faper-Delegado volvi\u00f3 a mostrar el m\u00fasculo!!!<\/p>\n\n\n\n<p class=\"has-medium-font-size\">Xalapa Ver. 21 junio 2021.<\/p>\n\n\n\n<p class=\"has-medium-font-size\">De los 26 diputados locales que ganaron en sus distritos en la pasada elecci\u00f3n del 06 de junio por MORENA y partidos aliados al menos 12 de ellos ser\u00e1n bajo el manto protector y son del equipo del S\u00faper Delegado del Gobierno Federal en Veracruz, Manuel Huerta Ladr\u00f3n de Guevara.<\/p>\n\n\n\n<p class=\"has-medium-font-size\">Estos 12 pr\u00f3ximos Diputados no son del grupo de Cuitl\u00e1huac Garc\u00eda o sus funcionarios estatales, por lo que har\u00e1n lo que les diga el S\u00faper Delegado, as\u00ed que tendr\u00e1n una vez m\u00e1s que acordar con el cuando busquen iniciativas o &#8220;favores&#8221; en el Congreso Local.<\/p>\n\n\n\n<p class=\"has-medium-font-size\">Y a\u00fan hay m\u00e1s, al menos 46 candidatos a alcaldes que fueron ganaron el pasado 6 e junio tambi\u00e9n son gente que Manuel Huerta coloc\u00f3 en dichas candidaturas como aspirantes, la lealtad de estos pr\u00f3ximos diputados locales y alcaldes es y ser\u00e1 \u00fanica y exclusivamente con Manuel Huerta, no con Estaban Zepeta, ni con Cuitl\u00e1huac Garc\u00eda, mucho menos con Eric Cisneros.<\/p>\n\n\n\n<p class=\"has-medium-font-size\">Por si faltara, de los 18 distritos electorales federales que gan\u00f3 MORENA con sus partidos aliados en Veracruz al menos, 8 de ellos tambi\u00e9n son del equipo de Manuel Huerta.<\/p>\n\n\n\n<p class=\"has-medium-font-size\">En pocas palabras les guste o no Manuel Huerta se convirti\u00f3 en el grupo de poder m\u00e1s fuerte dentro de MORENA en la entidad veracruzana, el S\u00faper Delegado es el verdadero contrapoder de Cuitl\u00e1huac Garc\u00eda y C\u00eda.<\/p>\n\n\n\n<p class=\"has-medium-font-size\">Manuel Huerta es hoy en d\u00eda al interior de MORENA quien tiene m\u00e1s poder pol\u00edtico que el propio gobernador en Veracruz.<\/p>\n\n\n\n<p class=\"has-medium-font-size\">Huerta Ladr\u00f3n de Guevara reporta directamente a Palacio Nacional y a la Secretar\u00eda de Gobernaci\u00f3n, acuerda con Julio Scherer y el Presidente, Andr\u00e9s Manuel L\u00f3pez Obrador, le contesta la llamada, s\u00ed de simple y llano.<\/p>\n\n\n\n<p class=\"has-medium-font-size\">MORENA en Veracruz tiene dos \u201cjefes\u201d pol\u00edticos, el de peso en la figura de Manuel Huerta Ladr\u00f3n de Guevara y el que regentea el partido en la persona de Esteban Ram\u00edrez Zepeta.<\/p>\n\n\n\n<p class=\"has-medium-font-size\">Si Cuitl\u00e1huac Garc\u00eda quiere mandar en el Congreso Local o desea realizar reformas constitucionales se tendr\u00e1 que tomar el \u201ccaf\u00e9\u201d con Manuel Huerta y negociar con el, no tendr\u00e1 de otra, el S\u00faper Delegado es el verdadero poder detr\u00e1s del trono en la entidad.<\/p>\n","protected":false},"excerpt":{"rendered":"<p>El S\u00faper-Delegado volvi\u00f3 a mostrar el m\u00fasculo!!! Xalapa Ver. 21 junio 2021. De los 26&#8230;<\/p>\n","protected":false},"author":4,"featured_media":0,"comment_status":"closed","ping_status":"closed","sticky":false,"template":"","format":"standard","meta":{"footnotes":""},"categories":[4],"tags":[],"class_list":["post-26169","post","type-post","status-publish","format-standard","hentry","category-noticias-del-dia"],"_links":{"self":[{"href":"https:\/\/bambapolitica.com.mx\/index.php\/wp-json\/wp\/v2\/posts\/26169","targetHints":{"allow":["GET"]}}],"collection":[{"href":"https:\/\/bambapolitica.com.mx\/index.php\/wp-json\/wp\/v2\/posts"}],"about":[{"href":"https:\/\/bambapolitica.com.mx\/index.php\/wp-json\/wp\/v2\/types\/post"}],"author":[{"embeddable":true,"href":"https:\/\/bambapolitica.com.mx\/index.php\/wp-json\/wp\/v2\/users\/4"}],"replies":[{"embeddable":true,"href":"https:\/\/bambapolitica.com.mx\/index.php\/wp-json\/wp\/v2\/comments?post=26169"}],"version-history":[{"count":1,"href":"https:\/\/bambapolitica.com.mx\/index.php\/wp-json\/wp\/v2\/posts\/26169\/revisions"}],"predecessor-version":[{"id":26171,"href":"https:\/\/bambapolitica.com.mx\/index.php\/wp-json\/wp\/v2\/posts\/26169\/revisions\/26171"}],"wp:attachment":[{"href":"https:\/\/bambapolitica.com.mx\/index.php\/wp-json\/wp\/v2\/media?parent=26169"}],"wp:term":[{"taxonomy":"category","embeddable":true,"href":"https:\/\/bambapolitica.com.mx\/index.php\/wp-json\/wp\/v2\/categories?post=26169"},{"taxonomy":"post_tag","embeddable":true,"href":"https:\/\/bambapolitica.com.mx\/index.php\/wp-json\/wp\/v2\/tags?post=26169"}],"curies":[{"name":"wp","href":"https:\/\/api.w.org\/{rel}","templated":true}]}}