{"id":26176,"date":"2021-06-22T11:23:13","date_gmt":"2021-06-22T17:23:13","guid":{"rendered":"http:\/\/bambapolitica.com.mx\/?p=26176"},"modified":"2021-06-22T11:23:19","modified_gmt":"2021-06-22T17:23:19","slug":"angela-aguilar-vuelve-a-los-vestidos-bordados-y-deja-claro-por-que-es-la-mejor-fashionista","status":"publish","type":"post","link":"https:\/\/bambapolitica.com.mx\/index.php\/2021\/06\/22\/angela-aguilar-vuelve-a-los-vestidos-bordados-y-deja-claro-por-que-es-la-mejor-fashionista\/","title":{"rendered":"\u00c1ngela Aguilar vuelve a los vestidos bordados y deja claro por qu\u00e9 es la mejor fashionista"},"content":{"rendered":"\n<p class=\"has-medium-font-size\">La cantante \u00c1ngela Aguilar es una de las j\u00f3venes del medio m\u00e1s talentosas, pero tambi\u00e9n ha demostrado en muchas ocasiones ser la mejor fashionista, pues a trav\u00e9s de sus redes sociales se luce con grandes looks y ha sabido imponer tendencia con vestidos bordados, a los que ahora vuelve para dejar claro su gusto por este estilo.&nbsp;<\/p>\n\n\n\n<p class=\"has-medium-font-size\">La hija m\u00e1s peque\u00f1a del cantante de m\u00fasica regional, Pepe Aguilar, comenz\u00f3 su carrera siendo una ni\u00f1a y al lado de su padre, destacando por us gran talento, pero tambi\u00e9n por su estilo, imponiendo moda con el uso de trajes t\u00edpicos y regionales que ha asegurado porta con mucho orgullo.&nbsp;<\/p>\n\n\n\n<p class=\"has-medium-font-size\">Adem\u00e1s, la joven de 17 a\u00f1os se ha caracterizado por llevar los trajes con un toque juvenil, con favorecedores cors\u00e9s que destacan su mini cintura, como lo hizo hace algunos a\u00f1os al llevar a los premios Grammy Latino un vestido de color negro con flores de colores bordadas.&nbsp;<\/p>\n\n\n\n<figure class=\"wp-block-image size-large\"><img decoding=\"async\" src=\"https:\/\/bambapolitica.com.mx\/wp-content\/uploads\/2021\/06\/f768x1-386975_387102_27.jpg\" alt=\"\" class=\"wp-image-26178\"\/><\/figure>\n\n\n\n<h4 class=\"wp-block-heading\"><strong>\u00c1ngela vuelve a los vestidos bordados y conquista las redes&nbsp;<\/strong><\/h4>\n\n\n\n<p class=\"has-medium-font-size\">Pero desde hace unos meses la joven cantante ha dejado de lado su estilo de pendas tradicionales, por lo que sorprendi\u00f3 a sus fans este lunes al compartir una historia en su cuenta de Instagram, donde se le ve luciendo un vestido en color rojo y azul con bordado al frente.&nbsp;<\/p>\n\n\n\n<p class=\"has-medium-font-size\">La pieza que \u00c1ngela luci\u00f3 recientemente destaca por el bordado de tipo punto de cruz que lleva en la parte superior, pues se trata de un trabajo artesanal que es muy cotizado en nuestro pa\u00eds, por ser trabajos elaborados a mano, y en la mayor\u00eda de los casos por artesanos ind\u00edgenas.&nbsp;<\/p>\n\n\n\n<p class=\"has-medium-font-size\">Para complementar su look, la cantante eligi\u00f3 un peinado con las puntas hacia afuera y una banda para decorar su cabello, presumiendo tambi\u00e9n unos peque\u00f1os aretes de la marca Chanel. Para el maquillaje, eligi\u00f3 un estilo muy natural, con los labios en tono rosa y sin llevar su caracter\u00edstico estilo de delineado cat eye.&nbsp;<\/p>\n\n\n\n<figure class=\"wp-block-image size-large\"><img decoding=\"async\" src=\"https:\/\/bambapolitica.com.mx\/wp-content\/uploads\/2021\/06\/f768x1-386974_387101_47.jpg\" alt=\"\" class=\"wp-image-26180\"\/><\/figure>\n\n\n\n<p><\/p>\n","protected":false},"excerpt":{"rendered":"<p>La cantante \u00c1ngela Aguilar es una de las j\u00f3venes del medio m\u00e1s talentosas, pero tambi\u00e9n&#8230;<\/p>\n","protected":false},"author":4,"featured_media":0,"comment_status":"closed","ping_status":"closed","sticky":false,"template":"","format":"standard","meta":{"footnotes":""},"categories":[3],"tags":[],"class_list":["post-26176","post","type-post","status-publish","format-standard","hentry","category-espectaculos"],"_links":{"self":[{"href":"https:\/\/bambapolitica.com.mx\/index.php\/wp-json\/wp\/v2\/posts\/26176","targetHints":{"allow":["GET"]}}],"collection":[{"href":"https:\/\/bambapolitica.com.mx\/index.php\/wp-json\/wp\/v2\/posts"}],"about":[{"href":"https:\/\/bambapolitica.com.mx\/index.php\/wp-json\/wp\/v2\/types\/post"}],"author":[{"embeddable":true,"href":"https:\/\/bambapolitica.com.mx\/index.php\/wp-json\/wp\/v2\/users\/4"}],"replies":[{"embeddable":true,"href":"https:\/\/bambapolitica.com.mx\/index.php\/wp-json\/wp\/v2\/comments?post=26176"}],"version-history":[{"count":2,"href":"https:\/\/bambapolitica.com.mx\/index.php\/wp-json\/wp\/v2\/posts\/26176\/revisions"}],"predecessor-version":[{"id":26251,"href":"https:\/\/bambapolitica.com.mx\/index.php\/wp-json\/wp\/v2\/posts\/26176\/revisions\/26251"}],"wp:attachment":[{"href":"https:\/\/bambapolitica.com.mx\/index.php\/wp-json\/wp\/v2\/media?parent=26176"}],"wp:term":[{"taxonomy":"category","embeddable":true,"href":"https:\/\/bambapolitica.com.mx\/index.php\/wp-json\/wp\/v2\/categories?post=26176"},{"taxonomy":"post_tag","embeddable":true,"href":"https:\/\/bambapolitica.com.mx\/index.php\/wp-json\/wp\/v2\/tags?post=26176"}],"curies":[{"name":"wp","href":"https:\/\/api.w.org\/{rel}","templated":true}]}}