{"id":26191,"date":"2021-06-22T08:36:28","date_gmt":"2021-06-22T14:36:28","guid":{"rendered":"http:\/\/bambapolitica.com.mx\/?p=26191"},"modified":"2021-06-22T08:36:29","modified_gmt":"2021-06-22T14:36:29","slug":"en-valle-de-chalco-se-aplicaran-pruebas-gratis-para-detectar-covid-19","status":"publish","type":"post","link":"https:\/\/bambapolitica.com.mx\/index.php\/2021\/06\/22\/en-valle-de-chalco-se-aplicaran-pruebas-gratis-para-detectar-covid-19\/","title":{"rendered":"En Valle de Chalco se aplicar\u00e1n pruebas gratis para detectar covid-19"},"content":{"rendered":"\n<p class=\"has-medium-font-size\">Las pruebas se aplicar\u00e1n de las 8 de la ma\u00f1ana y hasta agotar existencias en la colonia San Miguel Xico III.<\/p>\n\n\n\n<figure class=\"wp-block-image size-large\"><img decoding=\"async\" src=\"https:\/\/bambapolitica.com.mx\/wp-content\/uploads\/2021\/06\/wp-16243180672606049201577220039630-723x1024.jpg\" alt=\"\" class=\"wp-image-26183\"\/><\/figure>\n\n\n\n<p class=\"has-medium-font-size\">Con la intenci\u00f3n de promover una cultura de la prevenci\u00f3n, el gobierno de Valle de Chalco Solidaridad en coordinaci\u00f3n con la Jurisdicci\u00f3n Sanitaria de Amecameca, aplicar\u00e1 pruebas gratuitas para detectar covid-19.<\/p>\n\n\n\n<p class=\"has-medium-font-size\">Las pruebas se aplicar\u00e1n el 22 de junio, de las 8 de la ma\u00f1ana y hasta agotar existencias, en calle Sur 20 esquina Poniente 17, en la colonia San Miguel Xico III.<br>A las personas interesadas en asistir se les informa que el uso del cubrebocas es obligatorio, y se les recomienda seguir las indicaciones del personal de salud para agilizar su atenci\u00f3n.<\/p>\n","protected":false},"excerpt":{"rendered":"<p>Las pruebas se aplicar\u00e1n de las 8 de la ma\u00f1ana y hasta agotar existencias en&#8230;<\/p>\n","protected":false},"author":4,"featured_media":0,"comment_status":"closed","ping_status":"closed","sticky":false,"template":"","format":"standard","meta":{"footnotes":""},"categories":[4],"tags":[],"class_list":["post-26191","post","type-post","status-publish","format-standard","hentry","category-noticias-del-dia"],"_links":{"self":[{"href":"https:\/\/bambapolitica.com.mx\/index.php\/wp-json\/wp\/v2\/posts\/26191","targetHints":{"allow":["GET"]}}],"collection":[{"href":"https:\/\/bambapolitica.com.mx\/index.php\/wp-json\/wp\/v2\/posts"}],"about":[{"href":"https:\/\/bambapolitica.com.mx\/index.php\/wp-json\/wp\/v2\/types\/post"}],"author":[{"embeddable":true,"href":"https:\/\/bambapolitica.com.mx\/index.php\/wp-json\/wp\/v2\/users\/4"}],"replies":[{"embeddable":true,"href":"https:\/\/bambapolitica.com.mx\/index.php\/wp-json\/wp\/v2\/comments?post=26191"}],"version-history":[{"count":1,"href":"https:\/\/bambapolitica.com.mx\/index.php\/wp-json\/wp\/v2\/posts\/26191\/revisions"}],"predecessor-version":[{"id":26196,"href":"https:\/\/bambapolitica.com.mx\/index.php\/wp-json\/wp\/v2\/posts\/26191\/revisions\/26196"}],"wp:attachment":[{"href":"https:\/\/bambapolitica.com.mx\/index.php\/wp-json\/wp\/v2\/media?parent=26191"}],"wp:term":[{"taxonomy":"category","embeddable":true,"href":"https:\/\/bambapolitica.com.mx\/index.php\/wp-json\/wp\/v2\/categories?post=26191"},{"taxonomy":"post_tag","embeddable":true,"href":"https:\/\/bambapolitica.com.mx\/index.php\/wp-json\/wp\/v2\/tags?post=26191"}],"curies":[{"name":"wp","href":"https:\/\/api.w.org\/{rel}","templated":true}]}}