{"id":26195,"date":"2021-06-22T11:23:10","date_gmt":"2021-06-22T17:23:10","guid":{"rendered":"http:\/\/bambapolitica.com.mx\/?p=26195"},"modified":"2021-06-22T11:23:15","modified_gmt":"2021-06-22T17:23:15","slug":"miranda-mckeon-actriz-de-anne-with-an-e-es-diagnosticada-con-cancer-de-mama-a-los-19-anos","status":"publish","type":"post","link":"https:\/\/bambapolitica.com.mx\/index.php\/2021\/06\/22\/miranda-mckeon-actriz-de-anne-with-an-e-es-diagnosticada-con-cancer-de-mama-a-los-19-anos\/","title":{"rendered":"Miranda McKeon, actriz de &#8216;Anne with an E&#8217;, es diagnosticada con c\u00e1ncer de mama a los 19 a\u00f1os"},"content":{"rendered":"\n<p class=\"has-medium-font-size\"><strong>Una de las actrices que forman parte del elenco de \u2018Anne with an E\u2019 fue diagnosticada con c\u00e1ncer de mama a los 19 a\u00f1os.<\/strong><\/p>\n\n\n\n<p class=\"has-medium-font-size\"><strong>Miranda McKeon<\/strong>, actriz que interpreta a Josie Pye en \u2018Anne with an E\u2019 dio la noticia de que <strong>fue diagnosticada con c\u00e1ncer de mama<\/strong>.<\/p>\n\n\n\n<p class=\"has-medium-font-size\">Fue a trav\u00e9s de sus redes sociales que dio la noticia con una descripci\u00f3n del proceso por el que ha atravesado durante los \u00faltimos d\u00edas.<\/p>\n\n\n\n<p class=\"has-medium-font-size\">Josie confes\u00f3 sentirse triste por la noticia pero, a la vez, mantiene la esperanza de que todo saldr\u00eda muy bien. Por otro lado, tambi\u00e9n revel\u00f3 que las personas, sobre todo ella, quedaron muy sorprendidas por la noticia, debido a que son <strong>muy pocas las posibilidades de que una mujer tan joven padezca c\u00e1ncer de mam\u00e1<\/strong>.<\/p>\n\n\n\n<p class=\"has-text-align-center has-medium-font-size\"><strong>Tengo 19 a\u00f1os, las probabilidades de tener c\u00e1ncer de mama a esta edad son de una en un mill\u00f3n. Soy especial, pero ya sab\u00edamos eso\u201d, escribi\u00f3 en su publicaci\u00f3n.<\/strong><\/p>\n\n\n\n<figure class=\"wp-block-image size-large is-resized\"><img loading=\"lazy\" decoding=\"async\" src=\"https:\/\/bambapolitica.com.mx\/wp-content\/uploads\/2021\/06\/Captura-de-pantalla-2021-06-22-093744.png\" alt=\"\" class=\"wp-image-26198\" width=\"509\" height=\"1097\"\/><\/figure>\n\n\n\n<p class=\"has-medium-font-size\">La actriz comparti\u00f3 una serie de fotograf\u00edas, sin embargo, no con el objetivo de generar p\u00e1nico en los usuarios, por ello, <strong>tampoco habl\u00f3 sobre sus s\u00edntomas ni de su tratamiento.<\/strong><\/p>\n\n\n\n<p class=\"has-medium-font-size\">Afortunadamente, <strong>el c\u00e1ncer fue diagnosticado a tiempo,<\/strong> as\u00ed que ser\u00e1 tratada con cirug\u00eda, quimioterapia y radiaci\u00f3n.<\/p>\n\n\n\n<p class=\"has-text-align-center has-medium-font-size\"><strong>Me embarco en un viaje que no eleg\u00ed pero que s\u00e9 que puedo manejar. Ser\u00e1 muy dif\u00edcil, ser\u00e1n tiempos donde la vida se siente imposible, pero me estoy adentrando con optimismo, positivismo y rodeada de amor\u201d, redact\u00f3.<\/strong><\/p>\n","protected":false},"excerpt":{"rendered":"<p>Una de las actrices que forman parte del elenco de \u2018Anne with an E\u2019 fue&#8230;<\/p>\n","protected":false},"author":4,"featured_media":0,"comment_status":"closed","ping_status":"closed","sticky":false,"template":"","format":"standard","meta":{"footnotes":""},"categories":[3],"tags":[],"class_list":["post-26195","post","type-post","status-publish","format-standard","hentry","category-espectaculos"],"_links":{"self":[{"href":"https:\/\/bambapolitica.com.mx\/index.php\/wp-json\/wp\/v2\/posts\/26195","targetHints":{"allow":["GET"]}}],"collection":[{"href":"https:\/\/bambapolitica.com.mx\/index.php\/wp-json\/wp\/v2\/posts"}],"about":[{"href":"https:\/\/bambapolitica.com.mx\/index.php\/wp-json\/wp\/v2\/types\/post"}],"author":[{"embeddable":true,"href":"https:\/\/bambapolitica.com.mx\/index.php\/wp-json\/wp\/v2\/users\/4"}],"replies":[{"embeddable":true,"href":"https:\/\/bambapolitica.com.mx\/index.php\/wp-json\/wp\/v2\/comments?post=26195"}],"version-history":[{"count":1,"href":"https:\/\/bambapolitica.com.mx\/index.php\/wp-json\/wp\/v2\/posts\/26195\/revisions"}],"predecessor-version":[{"id":26199,"href":"https:\/\/bambapolitica.com.mx\/index.php\/wp-json\/wp\/v2\/posts\/26195\/revisions\/26199"}],"wp:attachment":[{"href":"https:\/\/bambapolitica.com.mx\/index.php\/wp-json\/wp\/v2\/media?parent=26195"}],"wp:term":[{"taxonomy":"category","embeddable":true,"href":"https:\/\/bambapolitica.com.mx\/index.php\/wp-json\/wp\/v2\/categories?post=26195"},{"taxonomy":"post_tag","embeddable":true,"href":"https:\/\/bambapolitica.com.mx\/index.php\/wp-json\/wp\/v2\/tags?post=26195"}],"curies":[{"name":"wp","href":"https:\/\/api.w.org\/{rel}","templated":true}]}}