{"id":26201,"date":"2021-06-22T08:51:36","date_gmt":"2021-06-22T14:51:36","guid":{"rendered":"http:\/\/bambapolitica.com.mx\/?p=26201"},"modified":"2021-06-22T08:51:40","modified_gmt":"2021-06-22T14:51:40","slug":"cuitlahuac-garcia-dentro-del-top-ten-de-los-mejores-gobernadores-del-pais-mitofsky","status":"publish","type":"post","link":"https:\/\/bambapolitica.com.mx\/index.php\/2021\/06\/22\/cuitlahuac-garcia-dentro-del-top-ten-de-los-mejores-gobernadores-del-pais-mitofsky\/","title":{"rendered":"Cuitl\u00e1huac Garc\u00eda dentro del &#8220;Top-Ten&#8221; de los mejores Gobernadores del Pa\u00eds: Mitofsky"},"content":{"rendered":"\n<p class=\"has-medium-font-size\">De acuerdo a la casa encuestadora Consulta Mitofsky, el gobernador de Veracruz, Cuitl\u00e1huac Garc\u00eda Jim\u00e9nez se encuentra entre los mejores gobernadores de MORENA en el pa\u00eds, superando a los mandatarios de Puebla, Morelos, Chiapas y Tabasco.<\/p>\n\n\n\n<figure class=\"wp-block-image size-large\"><img decoding=\"async\" src=\"https:\/\/bambapolitica.com.mx\/wp-content\/uploads\/2021\/06\/FOTO.jpeg\" alt=\"\" class=\"wp-image-26184\"\/><\/figure>\n\n\n\n<p class=\"has-medium-font-size\">As\u00ed lo dio a conocer el director de dicha empresa, Roy Campos, a trav\u00e9s de un video en redes sociales donde analiza a los gobernadores mejores evaluados del pa\u00eds.<\/p>\n\n\n\n<p class=\"has-medium-font-size\">\u201cGobernadores mejor aprobados por partido pol\u00edtico, mayo 2021. En este tercer y \u00faltimo video con la aprobaci\u00f3n de #RankingGobernadores de mayo 2021, les presento la aprobaci\u00f3n promedio por partido pol\u00edtico\u201d.<\/p>\n\n\n\n<p class=\"has-medium-font-size\">Seg\u00fan Mitofsky, los gobernadores y gobernadores con mayor aprobaci\u00f3n en cada partido pol\u00edtico son:<\/p>\n\n\n\n<p class=\"has-medium-font-size\">MORENA<\/p>\n\n\n\n<ol class=\"wp-block-list\"><li>Claudia Sheinbaum 58.4% en CDMX.<\/li><li>Jaime Bonilla 55.2% en BC.<\/li><li>Cuitl\u00e1huac Garc\u00eda 48.2% en VER.<\/li><\/ol>\n\n\n\n<p class=\"has-medium-font-size\">PAN<\/p>\n\n\n\n<ol class=\"wp-block-list\"><li>Mauricio Vila 71.5% en YUC.<\/li><li>Carlos Mendoza Davis 63.4% en BCS.<\/li><li>Francisco Dom\u00ednguez 62.4% de QRO.<\/li><\/ol>\n\n\n\n<p class=\"has-medium-font-size\">PRI<\/p>\n\n\n\n<ol class=\"wp-block-list\"><li>Quirino Ordaz 71.0% en SIN<\/li><li>Miguel Riquelme 64.6% en COAH.<\/li><li>Omar Fayad 54.7% en HGO.<\/li><\/ol>\n","protected":false},"excerpt":{"rendered":"<p>De acuerdo a la casa encuestadora Consulta Mitofsky, el gobernador de Veracruz, Cuitl\u00e1huac Garc\u00eda Jim\u00e9nez&#8230;<\/p>\n","protected":false},"author":4,"featured_media":0,"comment_status":"closed","ping_status":"closed","sticky":false,"template":"","format":"standard","meta":{"footnotes":""},"categories":[4],"tags":[],"class_list":["post-26201","post","type-post","status-publish","format-standard","hentry","category-noticias-del-dia"],"_links":{"self":[{"href":"https:\/\/bambapolitica.com.mx\/index.php\/wp-json\/wp\/v2\/posts\/26201","targetHints":{"allow":["GET"]}}],"collection":[{"href":"https:\/\/bambapolitica.com.mx\/index.php\/wp-json\/wp\/v2\/posts"}],"about":[{"href":"https:\/\/bambapolitica.com.mx\/index.php\/wp-json\/wp\/v2\/types\/post"}],"author":[{"embeddable":true,"href":"https:\/\/bambapolitica.com.mx\/index.php\/wp-json\/wp\/v2\/users\/4"}],"replies":[{"embeddable":true,"href":"https:\/\/bambapolitica.com.mx\/index.php\/wp-json\/wp\/v2\/comments?post=26201"}],"version-history":[{"count":1,"href":"https:\/\/bambapolitica.com.mx\/index.php\/wp-json\/wp\/v2\/posts\/26201\/revisions"}],"predecessor-version":[{"id":26202,"href":"https:\/\/bambapolitica.com.mx\/index.php\/wp-json\/wp\/v2\/posts\/26201\/revisions\/26202"}],"wp:attachment":[{"href":"https:\/\/bambapolitica.com.mx\/index.php\/wp-json\/wp\/v2\/media?parent=26201"}],"wp:term":[{"taxonomy":"category","embeddable":true,"href":"https:\/\/bambapolitica.com.mx\/index.php\/wp-json\/wp\/v2\/categories?post=26201"},{"taxonomy":"post_tag","embeddable":true,"href":"https:\/\/bambapolitica.com.mx\/index.php\/wp-json\/wp\/v2\/tags?post=26201"}],"curies":[{"name":"wp","href":"https:\/\/api.w.org\/{rel}","templated":true}]}}