{"id":26209,"date":"2021-06-22T11:23:03","date_gmt":"2021-06-22T17:23:03","guid":{"rendered":"http:\/\/bambapolitica.com.mx\/?p=26209"},"modified":"2021-06-22T11:23:06","modified_gmt":"2021-06-22T17:23:06","slug":"feministas-protestan-y-destruyen-fuentes-en-toluca","status":"publish","type":"post","link":"https:\/\/bambapolitica.com.mx\/index.php\/2021\/06\/22\/feministas-protestan-y-destruyen-fuentes-en-toluca\/","title":{"rendered":"Feministas protestan y destruyen fuentes en Toluca"},"content":{"rendered":"\n<p class=\"has-medium-font-size\">En Toluca un grupo de feministas destruy\u00f3 una de las fuentes ubicadas frente al Congreso del estado.<\/p>\n\n\n\n<p class=\"has-medium-font-size\">Las mujeres tambi\u00e9n lanzaron piedras a los muros y cristales del Congreso local.<\/p>\n\n\n\n<p class=\"has-medium-font-size\">Las mujeres que renombraron el lugar como \u201cPlaza de las Martiras\u201d est\u00e1n en contra de la Ley de Identidad que reconoce a las transexuales y el trans-activismo.<\/p>\n\n\n\n<p class=\"has-medium-font-size\">Armadas con mazos y martillos comenzaron a realizar pintas y quema de puertas.<\/p>\n\n\n\n<p class=\"has-medium-font-size\">Fue necesaria la intervenci\u00f3n de 150 polic\u00edas, la mayor\u00eda mujeres para resguardar el frente del Congreso.<\/p>\n","protected":false},"excerpt":{"rendered":"<p>En Toluca un grupo de feministas destruy\u00f3 una de las fuentes ubicadas frente al Congreso&#8230;<\/p>\n","protected":false},"author":4,"featured_media":0,"comment_status":"closed","ping_status":"closed","sticky":false,"template":"","format":"standard","meta":{"footnotes":""},"categories":[2],"tags":[],"class_list":["post-26209","post","type-post","status-publish","format-standard","hentry","category-policiaca"],"_links":{"self":[{"href":"https:\/\/bambapolitica.com.mx\/index.php\/wp-json\/wp\/v2\/posts\/26209","targetHints":{"allow":["GET"]}}],"collection":[{"href":"https:\/\/bambapolitica.com.mx\/index.php\/wp-json\/wp\/v2\/posts"}],"about":[{"href":"https:\/\/bambapolitica.com.mx\/index.php\/wp-json\/wp\/v2\/types\/post"}],"author":[{"embeddable":true,"href":"https:\/\/bambapolitica.com.mx\/index.php\/wp-json\/wp\/v2\/users\/4"}],"replies":[{"embeddable":true,"href":"https:\/\/bambapolitica.com.mx\/index.php\/wp-json\/wp\/v2\/comments?post=26209"}],"version-history":[{"count":1,"href":"https:\/\/bambapolitica.com.mx\/index.php\/wp-json\/wp\/v2\/posts\/26209\/revisions"}],"predecessor-version":[{"id":26213,"href":"https:\/\/bambapolitica.com.mx\/index.php\/wp-json\/wp\/v2\/posts\/26209\/revisions\/26213"}],"wp:attachment":[{"href":"https:\/\/bambapolitica.com.mx\/index.php\/wp-json\/wp\/v2\/media?parent=26209"}],"wp:term":[{"taxonomy":"category","embeddable":true,"href":"https:\/\/bambapolitica.com.mx\/index.php\/wp-json\/wp\/v2\/categories?post=26209"},{"taxonomy":"post_tag","embeddable":true,"href":"https:\/\/bambapolitica.com.mx\/index.php\/wp-json\/wp\/v2\/tags?post=26209"}],"curies":[{"name":"wp","href":"https:\/\/api.w.org\/{rel}","templated":true}]}}