{"id":26235,"date":"2021-06-22T09:29:14","date_gmt":"2021-06-22T15:29:14","guid":{"rendered":"http:\/\/bambapolitica.com.mx\/?p=26235"},"modified":"2021-06-22T09:29:16","modified_gmt":"2021-06-22T15:29:16","slug":"detectan-dos-nuevas-cepas-de-covid-en-yucatan","status":"publish","type":"post","link":"https:\/\/bambapolitica.com.mx\/index.php\/2021\/06\/22\/detectan-dos-nuevas-cepas-de-covid-en-yucatan\/","title":{"rendered":"Detectan dos nuevas cepas de covid en Yucat\u00e1n"},"content":{"rendered":"\n<p class=\"has-medium-font-size\">En el estado actualmente circulan dos cepas del covid-19, las variantes brasile\u00f1a y californiana, a pesar de que estas variantes son m\u00e1s contagiosas no son m\u00e1s letales que la mexicana.<\/p>\n\n\n\n<p class=\"has-medium-font-size\">La Secretar\u00eda de Salud de Yucat\u00e1n di\u00f3 a conocer que en el estado actualmente circulan dos cepas del covid-19, las variantes brasile\u00f1a en californiana.<\/p>\n\n\n\n<p class=\"has-medium-font-size\">Esto, como resultado de las muestras enviadas al Instituto de Diagn\u00f3stico y Referencia Epidemiol\u00f3gicos, a pesar de que estas variantes son m\u00e1s contagiosas no son m\u00e1s letales que la mexicana que es la que com\u00fanmente se registra en el territorio.<\/p>\n\n\n\n<p class=\"has-medium-font-size\">La dependencia estatal se\u00f1al\u00f3 que en abril se ha registrado un crecimiento at\u00edpico en el n\u00famero de casos a la llegada de las nuevas cepas.<\/p>\n\n\n\n<p class=\"has-medium-font-size\">Se cree que esas cepas llegaron a Yucat\u00e1n importadas de Quintana Roo a trav\u00e9s del importante flujo de turistas que se mueven entre ambos estados o mediante alg\u00fan visitante que arrib\u00f3 al estado que se ha convertido en un destino tur\u00edstico.<\/p>\n\n\n\n<p class=\"has-medium-font-size\">Sin embargo la Secretar\u00eda de Salud del estado declar\u00f3 que hasta el momento no se ha registrado fallecimiento alguno en los pacientes que han padecido dichas variantes.<\/p>\n\n\n\n<p class=\"has-medium-font-size\">A est\u00e1s variantes identificadas se suman a la cepa brit\u00e1nica registrada en este mismo estado en abril pasado, ante esto autoridades estatales llamaron a la poblaci\u00f3n a reforzar las medidas de prevenci\u00f3n como el uso de cubrebocas en lavado constante de manos el uso de gel antibacterial y mantener la sana distancia.<\/p>\n","protected":false},"excerpt":{"rendered":"<p>En el estado actualmente circulan dos cepas del covid-19, las variantes brasile\u00f1a y californiana, a&#8230;<\/p>\n","protected":false},"author":4,"featured_media":0,"comment_status":"closed","ping_status":"closed","sticky":false,"template":"","format":"standard","meta":{"footnotes":""},"categories":[4],"tags":[],"class_list":["post-26235","post","type-post","status-publish","format-standard","hentry","category-noticias-del-dia"],"_links":{"self":[{"href":"https:\/\/bambapolitica.com.mx\/index.php\/wp-json\/wp\/v2\/posts\/26235","targetHints":{"allow":["GET"]}}],"collection":[{"href":"https:\/\/bambapolitica.com.mx\/index.php\/wp-json\/wp\/v2\/posts"}],"about":[{"href":"https:\/\/bambapolitica.com.mx\/index.php\/wp-json\/wp\/v2\/types\/post"}],"author":[{"embeddable":true,"href":"https:\/\/bambapolitica.com.mx\/index.php\/wp-json\/wp\/v2\/users\/4"}],"replies":[{"embeddable":true,"href":"https:\/\/bambapolitica.com.mx\/index.php\/wp-json\/wp\/v2\/comments?post=26235"}],"version-history":[{"count":1,"href":"https:\/\/bambapolitica.com.mx\/index.php\/wp-json\/wp\/v2\/posts\/26235\/revisions"}],"predecessor-version":[{"id":26238,"href":"https:\/\/bambapolitica.com.mx\/index.php\/wp-json\/wp\/v2\/posts\/26235\/revisions\/26238"}],"wp:attachment":[{"href":"https:\/\/bambapolitica.com.mx\/index.php\/wp-json\/wp\/v2\/media?parent=26235"}],"wp:term":[{"taxonomy":"category","embeddable":true,"href":"https:\/\/bambapolitica.com.mx\/index.php\/wp-json\/wp\/v2\/categories?post=26235"},{"taxonomy":"post_tag","embeddable":true,"href":"https:\/\/bambapolitica.com.mx\/index.php\/wp-json\/wp\/v2\/tags?post=26235"}],"curies":[{"name":"wp","href":"https:\/\/api.w.org\/{rel}","templated":true}]}}