{"id":26239,"date":"2021-06-22T09:38:11","date_gmt":"2021-06-22T15:38:11","guid":{"rendered":"http:\/\/bambapolitica.com.mx\/?p=26239"},"modified":"2021-06-22T09:38:14","modified_gmt":"2021-06-22T15:38:14","slug":"ya-inicio-vacunacion-contra-covid-19-en-ecatepec-y-netzahualcoyotl","status":"publish","type":"post","link":"https:\/\/bambapolitica.com.mx\/index.php\/2021\/06\/22\/ya-inicio-vacunacion-contra-covid-19-en-ecatepec-y-netzahualcoyotl\/","title":{"rendered":"Ya inici\u00f3 vacunaci\u00f3n contra Covid-19 en Ecatepec y Netzahualc\u00f3yotl"},"content":{"rendered":"\n<p class=\"has-medium-font-size\">Se\u00f1alaron que la inmunizaci\u00f3n se realizar\u00e1 de 9:00 a 17:00 horas de acuerdo con la letra inicial del primer apellido y en apego al siguiente calendario que se muestra en la infograf\u00eda.<\/p>\n\n\n\n<p class=\"has-medium-font-size\">El pr\u00f3ximo martes 22 de junio inicia la aplicaci\u00f3n de la primera dosis de la vacuna contra COVID-19 a personas de 40 a 49 a\u00f1os y mujeres embarazadas mayores de edad con m\u00e1s de nueve semanas de gestaci\u00f3n en el municipio de Nezahualc\u00f3yotl, y el jueves 24 de junio en Ecatepec.<\/p>\n\n\n\n<p class=\"has-medium-font-size\">As\u00ed lo dieron a conocer autoridades de los tres \u00f3rdenes de gobierno, quienes se\u00f1alaron que la inmunizaci\u00f3n se realizar\u00e1 de 9:00 a 17:00 horas de acuerdo con la letra inicial del primer apellido y en apego al siguiente calendario:<\/p>\n\n\n\n<p class=\"has-medium-font-size\">Todas las personas que cumplan con los requisitos de edad y residencia en Nezahualc\u00f3yotl y Ecatepec deber\u00e1n registrarse previamente en el portal https:\/\/mivacuna.salud.gob.mx y llevar impreso el formato generado en dicha plataforma, as\u00ed como una identificaci\u00f3n oficial, CURP y comprobante de domicilio original a nombre de quien se vacuna.<\/p>\n\n\n\n<p class=\"has-medium-font-size\">Autoridades recomendaron a todas las personas llenar el formato con la informaci\u00f3n solicitada, con excepci\u00f3n del tipo de vacuna, el n\u00famero de lote y la fecha en que acudir\u00e1, esto facilitar\u00e1 el acceso a la sedes y agilizar\u00e1 el proceso de vacunaci\u00f3n.<\/p>\n\n\n\n<p class=\"has-medium-font-size\">La ubicaci\u00f3n de las sedes, horarios y requisitos se puede consultar en el sitio web http:\/\/edomex.gob.mx\/vacunacion. Se reitera que la vacuna es gratuita y segura, por lo que no es necesario pernoctar o llegar de madrugada a los m\u00f3dulos, y en la medida de lo posible tratar de escalonar su arribo para no exponerse a largas filas o aglomeraciones que pongan en riesgo su salud, adem\u00e1s de acudir desayunados y en caso de estar en tratamiento por alguna enfermedad, tomar puntualmente sus medicamentos.<\/p>\n\n\n\n<p class=\"has-medium-font-size\">Finalmente se hace un llamado a continuar con las medidas sanitarias preventivas, aunque ya hayan sido vacunados, como son correcto uso de cubrebocas, caretas y\/o goggles, lavado frecuente de manos y mantener la sana distancia.<\/p>\n","protected":false},"excerpt":{"rendered":"<p>Se\u00f1alaron que la inmunizaci\u00f3n se realizar\u00e1 de 9:00 a 17:00 horas de acuerdo con la&#8230;<\/p>\n","protected":false},"author":4,"featured_media":0,"comment_status":"closed","ping_status":"closed","sticky":false,"template":"","format":"standard","meta":{"footnotes":""},"categories":[4],"tags":[],"class_list":["post-26239","post","type-post","status-publish","format-standard","hentry","category-noticias-del-dia"],"_links":{"self":[{"href":"https:\/\/bambapolitica.com.mx\/index.php\/wp-json\/wp\/v2\/posts\/26239","targetHints":{"allow":["GET"]}}],"collection":[{"href":"https:\/\/bambapolitica.com.mx\/index.php\/wp-json\/wp\/v2\/posts"}],"about":[{"href":"https:\/\/bambapolitica.com.mx\/index.php\/wp-json\/wp\/v2\/types\/post"}],"author":[{"embeddable":true,"href":"https:\/\/bambapolitica.com.mx\/index.php\/wp-json\/wp\/v2\/users\/4"}],"replies":[{"embeddable":true,"href":"https:\/\/bambapolitica.com.mx\/index.php\/wp-json\/wp\/v2\/comments?post=26239"}],"version-history":[{"count":1,"href":"https:\/\/bambapolitica.com.mx\/index.php\/wp-json\/wp\/v2\/posts\/26239\/revisions"}],"predecessor-version":[{"id":26240,"href":"https:\/\/bambapolitica.com.mx\/index.php\/wp-json\/wp\/v2\/posts\/26239\/revisions\/26240"}],"wp:attachment":[{"href":"https:\/\/bambapolitica.com.mx\/index.php\/wp-json\/wp\/v2\/media?parent=26239"}],"wp:term":[{"taxonomy":"category","embeddable":true,"href":"https:\/\/bambapolitica.com.mx\/index.php\/wp-json\/wp\/v2\/categories?post=26239"},{"taxonomy":"post_tag","embeddable":true,"href":"https:\/\/bambapolitica.com.mx\/index.php\/wp-json\/wp\/v2\/tags?post=26239"}],"curies":[{"name":"wp","href":"https:\/\/api.w.org\/{rel}","templated":true}]}}