{"id":26241,"date":"2021-06-22T10:05:17","date_gmt":"2021-06-22T16:05:17","guid":{"rendered":"http:\/\/bambapolitica.com.mx\/?p=26241"},"modified":"2021-06-22T10:05:19","modified_gmt":"2021-06-22T16:05:19","slug":"tienes-de-30-anos-a-39-anos-asi-puedes-registrarte-para-recibir-vacuna-covid","status":"publish","type":"post","link":"https:\/\/bambapolitica.com.mx\/index.php\/2021\/06\/22\/tienes-de-30-anos-a-39-anos-asi-puedes-registrarte-para-recibir-vacuna-covid\/","title":{"rendered":"\u00bfTienes de 30 a\u00f1os a 39 a\u00f1os? As\u00ed puedes registrarte para recibir vacuna COVID"},"content":{"rendered":"\n<p class=\"has-medium-font-size\">El sitio de registro fue habilitado este lunes por la Secretar\u00eda de Salud.<\/p>\n\n\n\n<p class=\"has-medium-font-size\">El Gobierno de M\u00e9xico anunci\u00f3 este lunes sobre el arranque de la nueva etapa de vacunaci\u00f3n contra el COVID-19 para personas mayores de 30 a\u00f1os en todo el pa\u00eds.<\/p>\n\n\n\n<p class=\"has-medium-font-size\">Desde la noche de este lunes, la Secretar\u00eda de Salud habilit\u00f3 el registro de vacunaci\u00f3n para este grupo.<\/p>\n\n\n\n<p class=\"has-medium-font-size\">Esto es lo que debes de tomar en cuenta para registrarte y s\u00ed, cumples con la edad, vacunarte.<\/p>\n\n\n\n<p class=\"has-medium-font-size\">Deber\u00e1s de ingresar al sitio web mivacuna.salud.gob.mx y necesitar\u00e1s tener a la mano tu Clave \u00danica de Registro de Poblaci\u00f3n (CURP). Si no la recuerdas y quieres consultarla, da clic aqu\u00ed para leer la explicaci\u00f3n de c\u00f3mo y d\u00f3nde revisar tu CURP.<br>Despu\u00e9s de este paso, tienes que verificas que los datos aparecidos en la plataforma (nombre completo, fecha y entidad de nacimiento) sean los correctos y correspondan a tu CURP o de la persona a quien est\u00e9s ayudando al registro.<br>Una vez confirmados tus datos, deber\u00e1s presionar el bot\u00f3n \u2018Quiero vacunarme\u2019.<br>Posteriormente, la plataforma te pedir\u00e1 algunos datos de localizaci\u00f3n para que te puedan contactar y agendar tu cita. Las y los interesados deber\u00e1n proporcionar el municipio o alcald\u00eda de residencia, el estado y el c\u00f3digo postal.<br>Tendr\u00e1s que proporcionar dos n\u00fameros telef\u00f3nicos y dos correos electr\u00f3nicos para que puedan contactar.<br>En el apartado \u2018Notas de Contacto\u2019, podr\u00e1s realizar aclaraciones sobre los n\u00fameros proporcionado y se\u00f1alar la hora en la que deseas que te llamen para brindarte m\u00e1s informaci\u00f3n.<br>Una vez enviada la informaci\u00f3n, se generar\u00e1 un comprobante (que se podr\u00e1 visualizar si das clic en el bot\u00f3n \u2018comprobante\u2019), as\u00ed como un follo.<br>Si por error colocaste un dato mal, no te preocupes. Podr\u00e1s dar clic en la opci\u00f3n \u2018En caso de error, solicitar llamada de atenci\u00f3n\u2019, la cual aparece debajo de los datos del folio.<br>Es importante que los datos proporcionados conforme a tu lugar de residencia, sean los mismos que los de tu credencial del INE.<br>En caso de no poder hacer el registro en l\u00ednea, podr\u00e1s comunicarte a la l\u00ednea del Locatel para que un asesor te auxilie con tu registro y puedas acceder a la vacuna.<\/p>\n\n\n\n<p class=\"has-medium-font-size\">\u00a1Ojo! Recuerda que el orden de registro no tiene relaci\u00f3n con el orden de aplicaci\u00f3n, es decir, no porque seas de las \u00faltimas personas de este grupo que sube su informaci\u00f3n quiere decir que te pondr\u00e1n la vacuna hasta el \u00faltimo.<br>El financiero.<\/p>\n","protected":false},"excerpt":{"rendered":"<p>El sitio de registro fue habilitado este lunes por la Secretar\u00eda de Salud. El Gobierno&#8230;<\/p>\n","protected":false},"author":4,"featured_media":0,"comment_status":"closed","ping_status":"closed","sticky":false,"template":"","format":"standard","meta":{"footnotes":""},"categories":[4],"tags":[],"class_list":["post-26241","post","type-post","status-publish","format-standard","hentry","category-noticias-del-dia"],"_links":{"self":[{"href":"https:\/\/bambapolitica.com.mx\/index.php\/wp-json\/wp\/v2\/posts\/26241","targetHints":{"allow":["GET"]}}],"collection":[{"href":"https:\/\/bambapolitica.com.mx\/index.php\/wp-json\/wp\/v2\/posts"}],"about":[{"href":"https:\/\/bambapolitica.com.mx\/index.php\/wp-json\/wp\/v2\/types\/post"}],"author":[{"embeddable":true,"href":"https:\/\/bambapolitica.com.mx\/index.php\/wp-json\/wp\/v2\/users\/4"}],"replies":[{"embeddable":true,"href":"https:\/\/bambapolitica.com.mx\/index.php\/wp-json\/wp\/v2\/comments?post=26241"}],"version-history":[{"count":1,"href":"https:\/\/bambapolitica.com.mx\/index.php\/wp-json\/wp\/v2\/posts\/26241\/revisions"}],"predecessor-version":[{"id":26244,"href":"https:\/\/bambapolitica.com.mx\/index.php\/wp-json\/wp\/v2\/posts\/26241\/revisions\/26244"}],"wp:attachment":[{"href":"https:\/\/bambapolitica.com.mx\/index.php\/wp-json\/wp\/v2\/media?parent=26241"}],"wp:term":[{"taxonomy":"category","embeddable":true,"href":"https:\/\/bambapolitica.com.mx\/index.php\/wp-json\/wp\/v2\/categories?post=26241"},{"taxonomy":"post_tag","embeddable":true,"href":"https:\/\/bambapolitica.com.mx\/index.php\/wp-json\/wp\/v2\/tags?post=26241"}],"curies":[{"name":"wp","href":"https:\/\/api.w.org\/{rel}","templated":true}]}}