{"id":26245,"date":"2021-06-22T10:20:21","date_gmt":"2021-06-22T16:20:21","guid":{"rendered":"http:\/\/bambapolitica.com.mx\/?p=26245"},"modified":"2021-06-22T10:20:22","modified_gmt":"2021-06-22T16:20:22","slug":"esta-iniciando-la-tercera-ola-covid-en-mexico-expertos-advierten-posible-rebrote","status":"publish","type":"post","link":"https:\/\/bambapolitica.com.mx\/index.php\/2021\/06\/22\/esta-iniciando-la-tercera-ola-covid-en-mexico-expertos-advierten-posible-rebrote\/","title":{"rendered":"\u00bfEst\u00e1 iniciando la tercera ola COVID en M\u00e9xico? Expertos advierten posible rebrote"},"content":{"rendered":"\n<p class=\"has-medium-font-size\">Cada regi\u00f3n tiene causas distintas, entre ellas, turismo, j\u00f3venes y la reactivaci\u00f3n.<\/p>\n\n\n\n<p class=\"has-medium-font-size\">El pa\u00eds registra un aumento de 9 por ciento en el n\u00famero de casos estimados de COVID-19 respecto de la semana anterior y ante el incremento de casos en distintas entidades, la Secretar\u00eda de Salud hizo un nuevo llamado a la poblaci\u00f3n a reforzar medidas de prevenci\u00f3n.<\/p>\n\n\n\n<p class=\"has-medium-font-size\">Para algunos especialistas, en entidades como Quintana Roo, Baja California Sur y Tabasco ya se vive una tercera ola de contagios, que de no frenarse podr\u00eda provocar que la pandemia se expanda y alcance un tercer rebrote nacional.<\/p>\n\n\n\n<p class=\"has-medium-font-size\">Mauricio Rodr\u00edguez \u00c1lvarez, vocero de la Comisi\u00f3n Universitaria para la Atenci\u00f3n de la Emergencia del Coronavirus, de la UNAM, explic\u00f3 que las causas del incremento de casos son distintas para cada regi\u00f3n del pa\u00eds. En Quintana Roo, Yucat\u00e1n y Baja California Sur, el aumento de la pandemia est\u00e1 asociado al turismo y, en Tabasco, a la reactivaci\u00f3n de actividades esenciales.<\/p>\n\n\n\n<p class=\"has-medium-font-size\">En cambio, en Tamaulipas el cambio a sem\u00e1foro naranja est\u00e1 asociado al intercambio con condados fronterizos de Estados Unidos. En el caso de Nuevo Le\u00f3n y la Ciudad de M\u00e9xico, el incremento podr\u00eda ser consecuencia del relajamiento de las medidas.<\/p>\n\n\n\n<p class=\"has-medium-font-size\">En sus redes sociales, el epidemi\u00f3logo Alejandro Mac\u00edas, considerado exzar de la influenza, dijo que M\u00e9xico parece iniciar una tercera ola, aunque menos pronunciada. \u201cSi en M\u00e9xico inicia una tercera ola de COVID-19, ser\u00e1 principalmente de focos regionales y en poblaci\u00f3n m\u00e1s joven, pues los mayores se han vacunado\u201d, tuite\u00f3.<\/p>\n\n\n\n<p class=\"has-medium-font-size\">En tanto, la Secretar\u00eda de Salud inform\u00f3 que en el pa\u00eds se registran 25 mil 368 casos activos, que representan 1 por ciento de la epidemia acumulada. En las \u00faltimas 24 horas, se registraron 57 muertes m\u00e1s por COVID-19, con lo que suman 231 mil 244. Adem\u00e1s, hay 2 millones 478 mil 551 contagios, mil 268 m\u00e1s que el domingo.<br>El financiero.<\/p>\n","protected":false},"excerpt":{"rendered":"<p>Cada regi\u00f3n tiene causas distintas, entre ellas, turismo, j\u00f3venes y la reactivaci\u00f3n. El pa\u00eds registra&#8230;<\/p>\n","protected":false},"author":4,"featured_media":0,"comment_status":"closed","ping_status":"closed","sticky":false,"template":"","format":"standard","meta":{"footnotes":""},"categories":[4],"tags":[],"class_list":["post-26245","post","type-post","status-publish","format-standard","hentry","category-noticias-del-dia"],"_links":{"self":[{"href":"https:\/\/bambapolitica.com.mx\/index.php\/wp-json\/wp\/v2\/posts\/26245","targetHints":{"allow":["GET"]}}],"collection":[{"href":"https:\/\/bambapolitica.com.mx\/index.php\/wp-json\/wp\/v2\/posts"}],"about":[{"href":"https:\/\/bambapolitica.com.mx\/index.php\/wp-json\/wp\/v2\/types\/post"}],"author":[{"embeddable":true,"href":"https:\/\/bambapolitica.com.mx\/index.php\/wp-json\/wp\/v2\/users\/4"}],"replies":[{"embeddable":true,"href":"https:\/\/bambapolitica.com.mx\/index.php\/wp-json\/wp\/v2\/comments?post=26245"}],"version-history":[{"count":1,"href":"https:\/\/bambapolitica.com.mx\/index.php\/wp-json\/wp\/v2\/posts\/26245\/revisions"}],"predecessor-version":[{"id":26246,"href":"https:\/\/bambapolitica.com.mx\/index.php\/wp-json\/wp\/v2\/posts\/26245\/revisions\/26246"}],"wp:attachment":[{"href":"https:\/\/bambapolitica.com.mx\/index.php\/wp-json\/wp\/v2\/media?parent=26245"}],"wp:term":[{"taxonomy":"category","embeddable":true,"href":"https:\/\/bambapolitica.com.mx\/index.php\/wp-json\/wp\/v2\/categories?post=26245"},{"taxonomy":"post_tag","embeddable":true,"href":"https:\/\/bambapolitica.com.mx\/index.php\/wp-json\/wp\/v2\/tags?post=26245"}],"curies":[{"name":"wp","href":"https:\/\/api.w.org\/{rel}","templated":true}]}}