{"id":26266,"date":"2021-06-23T08:29:20","date_gmt":"2021-06-23T14:29:20","guid":{"rendered":"http:\/\/bambapolitica.com.mx\/?p=26266"},"modified":"2021-06-23T08:29:24","modified_gmt":"2021-06-23T14:29:24","slug":"onu-y-scjn-piden-al-gobierno-de-veracruz-investigar-a-arturo-bermudez-zurita","status":"publish","type":"post","link":"https:\/\/bambapolitica.com.mx\/index.php\/2021\/06\/23\/onu-y-scjn-piden-al-gobierno-de-veracruz-investigar-a-arturo-bermudez-zurita\/","title":{"rendered":"ONU y SCJN piden al Gobierno de Veracruz investigar a Arturo Berm\u00fadez Zurita"},"content":{"rendered":"\n<p class=\"has-medium-font-size\">Exsecretario de SSP con Javier Duarte.<\/p>\n\n\n\n<p class=\"has-medium-font-size\">Por desapariciones forzadas de j\u00f3venes en el municipio de Tierra Blanca.<\/p>\n\n\n\n<p class=\"has-medium-font-size\">Su ex Jefe (Javier Duarte) tambi\u00e9n est\u00e1 siendo investigado por los mismos delitos.<\/p>\n\n\n\n<p class=\"has-medium-font-size\">En noviembre de 2017, el Comit\u00e9 de desapariciones forzadas de la ONU hizo un llamado urgente al Estado Mexicano para investigar al entonces secretario de Seguridad, Arturo Berm\u00fadez, por la presunta participaci\u00f3n en cr\u00edmenes de lesa humanidad.<\/p>\n\n\n\n<p class=\"has-medium-font-size\">La carta fue signada por Ibrahim Salama, jefe de la subdivisi\u00f3n de Tratado de Derechos Humanos. El motivo de la misiva: las desapariciones de cinco j\u00f3venes originarios de Playa Vicente \u2013ocurrida el 11 de enero de 2016\u2013 en manos de polic\u00edas estatales, quienes presuntamente los entregaron con integrantes del Cartel de Jalisco para torturarlos y asesinarlos.<\/p>\n\n\n\n<p class=\"has-medium-font-size\">Arturo Berm\u00fadez fue detenido el 3 de febrero del 2017 por el delito de enriquecimiento il\u00edcito. Un a\u00f1o m\u00e1s tarde, el 8 de febrero del 2018 (en campa\u00f1as electorales), \u00e9l y otros dos mandos de la SSP fueron acusados ante un juez por presuntamente comandar un grupo de fuerzas especiales de la polic\u00eda que us\u00f3 la Academia de El Lencero para torturar y matar. Sin embargo, en menos de un a\u00f1o, Berm\u00fadez pudo salir de prisi\u00f3n porque un juez le permiti\u00f3 enfrentar los procesos en su contra en libertad y a cambio pag\u00f3 una garant\u00eda econ\u00f3mica de un mill\u00f3n de pesos.<\/p>\n\n\n\n<p class=\"has-medium-font-size\">Pero nunca se relacion\u00f3 esa investigaci\u00f3n con la de Tierra Blanca, que era una de las principales peticiones de los padres de los j\u00f3venes para acceder a la justicia.<\/p>\n\n\n\n<p class=\"has-medium-font-size\">En 2017, la colaboraci\u00f3n del comit\u00e9 de desapariciones forzadas de la ONU no era obligatorio. No obstante, eso cambi\u00f3 el pasado 16 de junio tras un fallo hist\u00f3rico de la Suprema Corte de Justicia de la Naci\u00f3n (SCNJ) el cual exhorta a las autoridades mexicanas a atender las acciones urgentes de este organismo internacional.<\/p>\n\n\n\n<p class=\"has-medium-font-size\">Por las desapariciones forzadas de Jos\u00e9 Ben\u00edtez de la O, Mario Arturo Orozco S\u00e1nchez, Bernardo Ben\u00edtez Arroniz, Jos\u00e9 Alfredo Gonz\u00e1lez D\u00edaz y Susana Tapia (16 a\u00f1os), la ONU dict\u00f3 las acciones urgentes No.288-292\/2016.<\/p>\n\n\n\n<p class=\"has-medium-font-size\">Entre esas que destacan: B\u00fasqueda de las personas desaparecidas e investigaci\u00f3n de su desaparici\u00f3n; Investigaci\u00f3n de las posibles responsabilidades por acci\u00f3n u omisi\u00f3n de autoridades y medidas de protecci\u00f3n para los familiares de los desaparecidos.<\/p>\n\n\n\n<p class=\"has-medium-font-size\">Cuitl\u00e1huac Garc\u00eda dispuesto a investigar y sancionar hasta las \u00faltimas consecuencias.<\/p>\n\n\n\n<p class=\"has-medium-font-size\">Xalapa, Ver. 22 junio 2021.- El gobernador de Veracruz, Cuitl\u00e1huac Garc\u00eda Jim\u00e9nez, asegur\u00f3 que su administraci\u00f3n est\u00e1 a favor de que se investigue al ex secretario de Seguridad P\u00fablica (SSP), Arturo Berm\u00fadez Zurita, con respecto a la desaparici\u00f3n de los cinco j\u00f3venes de Playa Vicente.<\/p>\n\n\n\n<p class=\"has-medium-font-size\">Esto despu\u00e9s de que Comit\u00e9 de Desapariciones Forzadas de la Organizaci\u00f3n de Naciones Unidas solicit\u00f3 en 2016 que se investigara al funcionario por las desapariciones ocurridas en enero de ese a\u00f1o.<\/p>\n\n\n\n<p class=\"has-medium-font-size\">\u201cS\u00ed tenemos inter\u00e9s que se aclare la participaci\u00f3n del exsecretarios de la SSP porque hay suspicacias, que se aclare, que se investigue a fondo y que no sean como los se\u00f1alamientos que hizo la administraci\u00f3n anterior que hizo facilitarles que se ampararan para poder negociar con ellos su salida\u201d.<\/p>\n\n\n\n<p class=\"has-medium-font-size\">Sobre ello, el mandatario estatal dijo que \u201csiempre hemos estado a favor de que existan instancias legales internacionales que puedan apoyar a las v\u00edctimas de desaparici\u00f3n. En las mesas que hemos armado participan y no estamos cerrados, siempre y cuando sean cuestiones apegadas al derecho internacional\u201d.<\/p>\n\n\n\n<figure class=\"wp-block-image size-large\"><img decoding=\"async\" src=\"https:\/\/bambapolitica.com.mx\/wp-content\/uploads\/2021\/06\/2-1-3.jpg\" alt=\"\" class=\"wp-image-26256\"\/><\/figure>\n\n\n\n<p class=\"has-medium-font-size\">Garc\u00eda Jim\u00e9nez record\u00f3 la existencia de audios en los que supuestamente el ex fiscal anticorrupci\u00f3n, Marcos Even Torres, negociaba la liberaci\u00f3n del ex funcionario de la SSP.<\/p>\n\n\n\n<p class=\"has-medium-font-size\">\u201cHay evidencias, un audio donde la gente del ex fiscal Jorge Winckler negociaba con Berm\u00fadez Zurita su liberaci\u00f3n, vamos a publicar aqu\u00ed para que vean los acuerdos que hizo con personajes de la administraci\u00f3n de Javier Duarte y que tienen responsabilidades en mi opini\u00f3n\u201d.<\/p>\n\n\n\n<p class=\"has-medium-font-size\">Adem\u00e1s, record\u00f3 que las \u00f3rdenes de aprehensi\u00f3n liberadas por jueces en contra del ex fiscal general Jorge Winckler y el fiscal anticorrupci\u00f3n Marcos Even Torres siguen vigentes, pues los amparos que han presentado han sido rechazados.<\/p>\n","protected":false},"excerpt":{"rendered":"<p>Exsecretario de SSP con Javier Duarte. Por desapariciones forzadas de j\u00f3venes en el municipio de&#8230;<\/p>\n","protected":false},"author":4,"featured_media":0,"comment_status":"closed","ping_status":"closed","sticky":false,"template":"","format":"standard","meta":{"footnotes":""},"categories":[4],"tags":[],"class_list":["post-26266","post","type-post","status-publish","format-standard","hentry","category-noticias-del-dia"],"_links":{"self":[{"href":"https:\/\/bambapolitica.com.mx\/index.php\/wp-json\/wp\/v2\/posts\/26266","targetHints":{"allow":["GET"]}}],"collection":[{"href":"https:\/\/bambapolitica.com.mx\/index.php\/wp-json\/wp\/v2\/posts"}],"about":[{"href":"https:\/\/bambapolitica.com.mx\/index.php\/wp-json\/wp\/v2\/types\/post"}],"author":[{"embeddable":true,"href":"https:\/\/bambapolitica.com.mx\/index.php\/wp-json\/wp\/v2\/users\/4"}],"replies":[{"embeddable":true,"href":"https:\/\/bambapolitica.com.mx\/index.php\/wp-json\/wp\/v2\/comments?post=26266"}],"version-history":[{"count":1,"href":"https:\/\/bambapolitica.com.mx\/index.php\/wp-json\/wp\/v2\/posts\/26266\/revisions"}],"predecessor-version":[{"id":26268,"href":"https:\/\/bambapolitica.com.mx\/index.php\/wp-json\/wp\/v2\/posts\/26266\/revisions\/26268"}],"wp:attachment":[{"href":"https:\/\/bambapolitica.com.mx\/index.php\/wp-json\/wp\/v2\/media?parent=26266"}],"wp:term":[{"taxonomy":"category","embeddable":true,"href":"https:\/\/bambapolitica.com.mx\/index.php\/wp-json\/wp\/v2\/categories?post=26266"},{"taxonomy":"post_tag","embeddable":true,"href":"https:\/\/bambapolitica.com.mx\/index.php\/wp-json\/wp\/v2\/tags?post=26266"}],"curies":[{"name":"wp","href":"https:\/\/api.w.org\/{rel}","templated":true}]}}