{"id":26269,"date":"2021-06-23T08:35:16","date_gmt":"2021-06-23T14:35:16","guid":{"rendered":"http:\/\/bambapolitica.com.mx\/?p=26269"},"modified":"2021-06-23T08:35:21","modified_gmt":"2021-06-23T14:35:21","slug":"ricardo-exsomela-lucha-sigue","status":"publish","type":"post","link":"https:\/\/bambapolitica.com.mx\/index.php\/2021\/06\/23\/ricardo-exsomela-lucha-sigue\/","title":{"rendered":"Ricardo Exsome\u2026La Lucha Sigue"},"content":{"rendered":"\n<p class=\"has-medium-font-size\">Este martes se pudieron ver las principales avenidas de la ciudad de Veracruz tapizadas con espectaculares publicitarios con lonas alusivas a la tan &#8220;desaseada&#8221; elecci\u00f3n municipal del pasado 06 de junio.<\/p>\n\n\n\n<p class=\"has-medium-font-size\">En ellas y en clara referencia al candidato de Morena-PVEM-PT Ricardo Exsome Zapata, se le recuerda a la ciudadan\u00eda porte\u00f1a que esto no se ha acabado como lo quieren hacer creer los que se robaron la elecci\u00f3n municipal, quienes utilizando su peri\u00f3dico local &#8220;Noti-Yunes&#8221; se promociona un d\u00eda si y otro tambi\u00e9n a la &#8220;Juanita Yunes&#8221; como si fuera ya la alcaldesa en funciones, intentando dar la percepci\u00f3n de que ya no hay nada por hacer y que los porte\u00f1os se la tendr\u00e1n que fumar por los pr\u00f3ximos 4 a\u00f1os.<\/p>\n\n\n\n<p class=\"has-medium-font-size\">Por lo que Ricardo Exsome les recuerda a los ciudadanos que ahora el proceso de impugnaci\u00f3n est\u00e1 en los tribunales electorales, quienes en pr\u00f3ximas semanas calificar\u00e1n dicha elecci\u00f3n, donde todo hace indicar que esta ser\u00e1 anulada por el c\u00famulo de graves irregularidades que se dieron.<\/p>\n\n\n\n<p class=\"has-medium-font-size\">&#8220;ESTO A\u00daN NO TERMINA&#8221;<\/p>\n\n\n\n<p class=\"has-medium-font-size\">Las ilegalidades que se presentaron deben ser juzgadas imparcialmente por la ley para dar certeza a los veracruzanos.<\/p>\n\n\n\n<p class=\"has-medium-font-size\">Esto a\u00fan no termina!!! Hemos presentado la impugnaci\u00f3n a la elecci\u00f3n conforme a la ley. Agotaremos todos los cauces legales para defender la voluntad de los veracruzanos y que den certeza a la elecci\u00f3n.<\/p>\n\n\n\n<p class=\"has-medium-font-size\">Seguiremos pac\u00edficamente trabajando en la defensa de la voluntad y del voto de los veracruzanos.<\/p>\n\n\n\n<p class=\"has-medium-font-size\">Ser\u00e1 un proceso largo, no crean que esto ya se acab\u00f3 como lo quieren hacer creer los que se robaron la elecci\u00f3n, seguiremos firmes en este proceso hasta demostrar el robo que se dio el pasado 06 de junio.<\/p>\n","protected":false},"excerpt":{"rendered":"<p>Este martes se pudieron ver las principales avenidas de la ciudad de Veracruz tapizadas con&#8230;<\/p>\n","protected":false},"author":4,"featured_media":0,"comment_status":"closed","ping_status":"closed","sticky":false,"template":"","format":"standard","meta":{"footnotes":""},"categories":[4],"tags":[],"class_list":["post-26269","post","type-post","status-publish","format-standard","hentry","category-noticias-del-dia"],"_links":{"self":[{"href":"https:\/\/bambapolitica.com.mx\/index.php\/wp-json\/wp\/v2\/posts\/26269","targetHints":{"allow":["GET"]}}],"collection":[{"href":"https:\/\/bambapolitica.com.mx\/index.php\/wp-json\/wp\/v2\/posts"}],"about":[{"href":"https:\/\/bambapolitica.com.mx\/index.php\/wp-json\/wp\/v2\/types\/post"}],"author":[{"embeddable":true,"href":"https:\/\/bambapolitica.com.mx\/index.php\/wp-json\/wp\/v2\/users\/4"}],"replies":[{"embeddable":true,"href":"https:\/\/bambapolitica.com.mx\/index.php\/wp-json\/wp\/v2\/comments?post=26269"}],"version-history":[{"count":1,"href":"https:\/\/bambapolitica.com.mx\/index.php\/wp-json\/wp\/v2\/posts\/26269\/revisions"}],"predecessor-version":[{"id":26273,"href":"https:\/\/bambapolitica.com.mx\/index.php\/wp-json\/wp\/v2\/posts\/26269\/revisions\/26273"}],"wp:attachment":[{"href":"https:\/\/bambapolitica.com.mx\/index.php\/wp-json\/wp\/v2\/media?parent=26269"}],"wp:term":[{"taxonomy":"category","embeddable":true,"href":"https:\/\/bambapolitica.com.mx\/index.php\/wp-json\/wp\/v2\/categories?post=26269"},{"taxonomy":"post_tag","embeddable":true,"href":"https:\/\/bambapolitica.com.mx\/index.php\/wp-json\/wp\/v2\/tags?post=26269"}],"curies":[{"name":"wp","href":"https:\/\/api.w.org\/{rel}","templated":true}]}}