{"id":26274,"date":"2021-06-23T08:44:29","date_gmt":"2021-06-23T14:44:29","guid":{"rendered":"http:\/\/bambapolitica.com.mx\/?p=26274"},"modified":"2021-06-23T08:44:32","modified_gmt":"2021-06-23T14:44:32","slug":"se-equivocan-quienes-crean-que-ya-la-libraron","status":"publish","type":"post","link":"https:\/\/bambapolitica.com.mx\/index.php\/2021\/06\/23\/se-equivocan-quienes-crean-que-ya-la-libraron\/","title":{"rendered":"Se equivocan quienes crean que ya la libraron"},"content":{"rendered":"\n<p class=\"has-medium-font-size\">Habr\u00e1 detenciones contra &#8220;Delincuentes Electorales&#8221;: Cuitl\u00e1huac Garc\u00eda<\/p>\n\n\n\n<p class=\"has-medium-font-size\">Podr\u00e1 tardar el proceso, pero iremos tras funcionarios y exfuncionarios.<\/p>\n\n\n\n<p class=\"has-medium-font-size\">Las denuncias que existen corren su curso legal y se investigan todos los hechos.<\/p>\n\n\n\n<p class=\"has-medium-font-size\">En algunos casos las denuncias no pueden ser ejecutadas por el fuero de algunos personajes.<\/p>\n\n\n\n<p class=\"has-medium-font-size\">Xalapa, Ver. 22 junio 2021.- El gobernador Cuitl\u00e1huac Garc\u00eda Jim\u00e9nez reiter\u00f3 que las personas que presuntamente cometieron delitos electorales durante las votaciones del pasado 6 de junio y que est\u00e1n confiadas que no ser\u00e1n procesadas por ello, se equivocan, ya que se actuar\u00e1 al respecto.<\/p>\n\n\n\n<p class=\"has-medium-font-size\">\u201cSe equivocan, se equivocan, porque si se prueba que cometieron el delito van a enfrentar la ley, nada m\u00e1s que el proceso no es sencillo, adem\u00e1s la Fiscal General Ver\u00f3nica Hern\u00e1ndez Giad\u00e1ns ha sido muy profesional, en cuidar derechos como la presunci\u00f3n de inocencia, el debido proceso\u201d, dijo.<\/p>\n\n\n\n<p class=\"has-medium-font-size\">Desde el Palacio de Gobierno, el Mandatario estatal apunt\u00f3 que eso implica \u201cir con mucho cuidado\u201d y por lo tanto, los procesos tomar\u00edan varios d\u00edas y a veces semanas o meses pero refrend\u00f3 que no se dejan de investigar los casos.<\/p>\n\n\n\n<p class=\"has-medium-font-size\">Al indicar que para la procuraci\u00f3n de justicia deben trabajar coordinadamente el Gobierno del Estado, la FGE y el Poder Judicial, Garc\u00eda Jim\u00e9nez asegur\u00f3 que \u201chabr\u00e1 m\u00e1s resultados de estas carpetas por los delitos que se citaron donde est\u00e1n involucrados funcionarios o ex funcionarios y que cometieron alg\u00fan tipo de delito\u201d.<\/p>\n\n\n\n<p class=\"has-medium-font-size\">De igual modo, dijo que las carpetas de investigaci\u00f3n est\u00e1n abiertas y las acciones que se tienen que llevar con ellas, por lo que se tendr\u00eda que esperar a que la Fiscal General presente un informe.<\/p>\n\n\n\n<p class=\"has-medium-font-size\">\u201cLo que hemos visto es que s\u00ed se ha actuado, hubo por lo menos tres detenciones con orden de aprehensi\u00f3n, con una detenci\u00f3n en flagrancia, presentados ante un juez y vinculadas por un juez, es decir quedaron sometidas a proceso\u201d, destac\u00f3 el Mandatario veracruzano.<\/p>\n\n\n\n<figure class=\"wp-block-image size-large\"><img decoding=\"async\" src=\"https:\/\/bambapolitica.com.mx\/wp-content\/uploads\/2021\/06\/2-8.jpg\" alt=\"\" class=\"wp-image-26259\"\/><\/figure>\n\n\n\n<p class=\"has-medium-font-size\">El titular del Ejecutivo reiter\u00f3 que su administraci\u00f3n le tiene confianza a la titular de la FGE y ha sido cauta en esos casos que \u201cno surgieron de la noche a la ma\u00f1ana, ha habido un seguimiento del actuar presuntamente en la comisi\u00f3n de delitos de esas personas y pues son cosas que llevan su tiempo, por eso le tenemos confianza a la Fiscal\u201d, finaliz\u00f3.<\/p>\n","protected":false},"excerpt":{"rendered":"<p>Habr\u00e1 detenciones contra &#8220;Delincuentes Electorales&#8221;: Cuitl\u00e1huac Garc\u00eda Podr\u00e1 tardar el proceso, pero iremos tras funcionarios&#8230;<\/p>\n","protected":false},"author":4,"featured_media":0,"comment_status":"closed","ping_status":"closed","sticky":false,"template":"","format":"standard","meta":{"footnotes":""},"categories":[4],"tags":[],"class_list":["post-26274","post","type-post","status-publish","format-standard","hentry","category-noticias-del-dia"],"_links":{"self":[{"href":"https:\/\/bambapolitica.com.mx\/index.php\/wp-json\/wp\/v2\/posts\/26274","targetHints":{"allow":["GET"]}}],"collection":[{"href":"https:\/\/bambapolitica.com.mx\/index.php\/wp-json\/wp\/v2\/posts"}],"about":[{"href":"https:\/\/bambapolitica.com.mx\/index.php\/wp-json\/wp\/v2\/types\/post"}],"author":[{"embeddable":true,"href":"https:\/\/bambapolitica.com.mx\/index.php\/wp-json\/wp\/v2\/users\/4"}],"replies":[{"embeddable":true,"href":"https:\/\/bambapolitica.com.mx\/index.php\/wp-json\/wp\/v2\/comments?post=26274"}],"version-history":[{"count":1,"href":"https:\/\/bambapolitica.com.mx\/index.php\/wp-json\/wp\/v2\/posts\/26274\/revisions"}],"predecessor-version":[{"id":26284,"href":"https:\/\/bambapolitica.com.mx\/index.php\/wp-json\/wp\/v2\/posts\/26274\/revisions\/26284"}],"wp:attachment":[{"href":"https:\/\/bambapolitica.com.mx\/index.php\/wp-json\/wp\/v2\/media?parent=26274"}],"wp:term":[{"taxonomy":"category","embeddable":true,"href":"https:\/\/bambapolitica.com.mx\/index.php\/wp-json\/wp\/v2\/categories?post=26274"},{"taxonomy":"post_tag","embeddable":true,"href":"https:\/\/bambapolitica.com.mx\/index.php\/wp-json\/wp\/v2\/tags?post=26274"}],"curies":[{"name":"wp","href":"https:\/\/api.w.org\/{rel}","templated":true}]}}