{"id":26286,"date":"2021-06-23T09:28:21","date_gmt":"2021-06-23T15:28:21","guid":{"rendered":"http:\/\/bambapolitica.com.mx\/?p=26286"},"modified":"2021-06-23T09:28:23","modified_gmt":"2021-06-23T15:28:23","slug":"asi-fue-como-el-violador-serial-subio-a-un-camion-y-huyo-de-la-policia","status":"publish","type":"post","link":"https:\/\/bambapolitica.com.mx\/index.php\/2021\/06\/23\/asi-fue-como-el-violador-serial-subio-a-un-camion-y-huyo-de-la-policia\/","title":{"rendered":"As\u00ed fue como el violador serial subi\u00f3 a un cami\u00f3n y huy\u00f3 de la polic\u00eda"},"content":{"rendered":"\n<p class=\"has-medium-font-size\">El llamado \u2018Violador de Perif\u00e9rico\u2019 es un sujeto que ha atacado sexualmente a mujeres al menos en 26 ocasiones en la Ciudad de M\u00e9xico, sin embargo, hasta ahora no ha podido ser atrapado.<\/p>\n\n\n\n<p class=\"has-medium-font-size\">Ayer se revel\u00f3 que el sujeto escap\u00f3 corriendo de agentes de la Polic\u00eda de Investigaci\u00f3n (PDI), enseguida abord\u00f3 un autob\u00fas del transporte p\u00fablico y en \u00e9l se dirigi\u00f3 a buscar otra v\u00edctima para agredir.<\/p>\n\n\n\n<p class=\"has-medium-font-size\">El periodista Carlos Jim\u00e9nez detall\u00f3 que, en septiembre pasado, un grupo de agentes de la Fiscal\u00eda General de Justicia de la Ciudad (PGJCDMX) tuvo la oportunidad de atraparlo en calles de la alcald\u00eda Benito Ju\u00e1rez. Sin embargo, corri\u00f3 m\u00e1s r\u00e1pido que ellos y se les escap\u00f3.<\/p>\n\n\n\n<p class=\"has-medium-font-size\">Tras perderle la pista, los investigadores acudieron al C5 de la ciudad para analizar las c\u00e1maras que pudieron captar lo sucedido. As\u00ed reconstruyeron su ruta de fuga.<\/p>\n\n\n\n<p class=\"has-medium-font-size\">Luego de huir a pie, se dirigi\u00f3 a la Avenida Patriotismo y en el cruce con la calle 17, esper\u00f3 un cami\u00f3n de transporte p\u00fablico.<\/p>\n\n\n\n<p class=\"has-medium-font-size\">A las 20:08 horas, circulaba cerca el cami\u00f3n con n\u00famero 54 y matr\u00edcula 651-299 con direcci\u00f3n a la Calle 1.<\/p>\n\n\n\n<p class=\"has-medium-font-size\">Tres minutos despu\u00e9s, el violador ya estaba a bordo de la unidad. Una c\u00e1mara al interior del cami\u00f3n lo capt\u00f3 justo en el momento en que estaba depositando las monedas como pago de su pasaje. Su rostro no es del todo claro, pero si logra apreciarse.<\/p>\n\n\n\n<p class=\"has-medium-font-size\">La imagen forma parte de una serie de fotograf\u00edas y videos que tienen las autoridades para tratar de dar con este sujeto.<\/p>\n\n\n\n<p class=\"has-medium-font-size\">Tras hacer el pago del pasaje, se dirigi\u00f3 a la parte trasera de la unidad, sin sentarse.<\/p>\n\n\n\n<p class=\"has-medium-font-size\">A las 20:12 baj\u00f3 del cami\u00f3n, lo hizo justo en la Avenida Patriotismo y Calle 1. Aunque la c\u00e1mara al interior del autob\u00fas lo volvi\u00f3 a captar, su imagen era poco clara.<\/p>\n\n\n\n<p class=\"has-medium-font-size\">Tras bajar se fue caminando hacia la zona de Parque Delta. Ah\u00ed estuvo tratando de hallar a otra v\u00edctima. Aunque esa noche no la hall\u00f3, tiempo despu\u00e9s si lo hizo.<\/p>\n\n\n\n<p class=\"has-medium-font-size\">Desde el d\u00eda en que se les escap\u00f3 a los agentes que dirig\u00eda el comandante Juan Carlos Almaraz, el sujeto viol\u00f3 cuando menos a otras tres mujeres. Hasta ahora contin\u00faa libre y operando.<\/p>\n\n\n\n<p class=\"has-medium-font-size\">Hace un par de semanas, la Fiscal\u00eda de Justicia finalmente acept\u00f3 la existencia del violador serial y pidi\u00f3 apoyo a la ciudadan\u00eda para poder detenerlo, lo llam\u00f3 \u201cEl violador de Perif\u00e9rico\u201d, hasta ahora suma, al menos 26 agresiones en distintas zonas de la ciudad.<\/p>\n\n\n\n<p class=\"has-medium-font-size\">Siempre opera de la misma manera. Se acerca a mujeres solitarias, las amenaza con alg\u00fan objeto y les dice que necesita de s\u00ed ayuda porque lo est\u00e1 siguiendo la polic\u00eda.<\/p>\n\n\n\n<p class=\"has-medium-font-size\">Una vez que las aborda, las abraza como si se tratara de alg\u00fan amigo y las lleva a parques, jardines o debajo de puentes peatonales. Ah\u00ed es donde las atac\u00f3 sexualmente.<\/p>\n\n\n\n<figure class=\"wp-block-image size-large\"><img decoding=\"async\" src=\"https:\/\/bambapolitica.com.mx\/wp-content\/uploads\/2021\/06\/Captura-de-pantalla-2021-06-23-095221.png\" alt=\"\" class=\"wp-image-26294\"\/><\/figure>\n\n\n\n<figure class=\"wp-block-video\"><video controls src=\"https:\/\/bambapolitica.com.mx\/wp-content\/uploads\/2021\/06\/As\u00ed-escap\u00f3-el-violador-serial-tras-ser-perseguido-por-polic\u00edas-capitalinos.mp4\"><\/video><\/figure>\n\n\n\n<p><\/p>\n","protected":false},"excerpt":{"rendered":"<p>El llamado \u2018Violador de Perif\u00e9rico\u2019 es un sujeto que ha atacado sexualmente a mujeres al&#8230;<\/p>\n","protected":false},"author":4,"featured_media":0,"comment_status":"closed","ping_status":"closed","sticky":false,"template":"","format":"standard","meta":{"footnotes":""},"categories":[2],"tags":[],"class_list":["post-26286","post","type-post","status-publish","format-standard","hentry","category-policiaca"],"_links":{"self":[{"href":"https:\/\/bambapolitica.com.mx\/index.php\/wp-json\/wp\/v2\/posts\/26286","targetHints":{"allow":["GET"]}}],"collection":[{"href":"https:\/\/bambapolitica.com.mx\/index.php\/wp-json\/wp\/v2\/posts"}],"about":[{"href":"https:\/\/bambapolitica.com.mx\/index.php\/wp-json\/wp\/v2\/types\/post"}],"author":[{"embeddable":true,"href":"https:\/\/bambapolitica.com.mx\/index.php\/wp-json\/wp\/v2\/users\/4"}],"replies":[{"embeddable":true,"href":"https:\/\/bambapolitica.com.mx\/index.php\/wp-json\/wp\/v2\/comments?post=26286"}],"version-history":[{"count":1,"href":"https:\/\/bambapolitica.com.mx\/index.php\/wp-json\/wp\/v2\/posts\/26286\/revisions"}],"predecessor-version":[{"id":26295,"href":"https:\/\/bambapolitica.com.mx\/index.php\/wp-json\/wp\/v2\/posts\/26286\/revisions\/26295"}],"wp:attachment":[{"href":"https:\/\/bambapolitica.com.mx\/index.php\/wp-json\/wp\/v2\/media?parent=26286"}],"wp:term":[{"taxonomy":"category","embeddable":true,"href":"https:\/\/bambapolitica.com.mx\/index.php\/wp-json\/wp\/v2\/categories?post=26286"},{"taxonomy":"post_tag","embeddable":true,"href":"https:\/\/bambapolitica.com.mx\/index.php\/wp-json\/wp\/v2\/tags?post=26286"}],"curies":[{"name":"wp","href":"https:\/\/api.w.org\/{rel}","templated":true}]}}