{"id":26292,"date":"2021-06-23T08:51:35","date_gmt":"2021-06-23T14:51:35","guid":{"rendered":"http:\/\/bambapolitica.com.mx\/?p=26292"},"modified":"2021-06-23T08:51:37","modified_gmt":"2021-06-23T14:51:37","slug":"sanas-y-salvas-las-ninas-reportadas-como-desaparecidas-en-la-colonia-cerro-del-marquez-oportuna-intervencion-de-celula-de-busqueda","status":"publish","type":"post","link":"https:\/\/bambapolitica.com.mx\/index.php\/2021\/06\/23\/sanas-y-salvas-las-ninas-reportadas-como-desaparecidas-en-la-colonia-cerro-del-marquez-oportuna-intervencion-de-celula-de-busqueda\/","title":{"rendered":"Sanas y salvas las ni\u00f1as reportadas como desaparecidas en la colonia Cerro del M\u00e1rquez, oportuna intervenci\u00f3n de c\u00e9lula de busqueda"},"content":{"rendered":"\n<p class=\"has-medium-font-size\">Valle de Chalco Solidaridad. En la b\u00fasqueda de las ni\u00f1as de 14 y 13 a\u00f1os de edad se activ\u00f3 el Protocolo Alba, lo que permiti\u00f3 su localizaci\u00f3n de manera r\u00e1pida.<\/p>\n\n\n\n<figure class=\"wp-block-image size-large\"><img decoding=\"async\" src=\"https:\/\/bambapolitica.com.mx\/wp-content\/uploads\/2021\/06\/201540905_3993585617363816_4479982620715534225_n.jpg\" alt=\"\" class=\"wp-image-26261\"\/><\/figure>\n\n\n\n<p class=\"has-medium-font-size\">La licenciada Joahana Arlette Cruz Escamilla, Presidenta Municipal por Ministerio de Ley, se mantuvo atenta del caso hasta su favorable conclusi\u00f3n.<\/p>\n\n\n\n<p class=\"has-medium-font-size\">Tras una exhaustiva b\u00fasqueda, el \u00c1rea de C\u00e9lula de B\u00fasqueda y Localizaci\u00f3n de Personas Desaparecidas, dio con el paradero de las menores Graciela Anahy P\u00e9rez D\u00edaz y Amairani Estephania P\u00e9rez D\u00edaz, e inform\u00f3 que ya se encuentran en su domicilio en la colonia Cerro del M\u00e1rquez con su madre.<\/p>\n\n\n\n<p class=\"has-medium-font-size\">Sobre la implementaci\u00f3n del protocolo de b\u00fasqueda, el comandante Jos\u00e9 Juan Mart\u00ednez Ram\u00edrez, director de la cedula de b\u00fasqueda de Valle de Chalco, una de las mejor calificadas a nivel estatal por sus excelentes resultados, refiri\u00f3 que la t\u00eda levant\u00f3 una denuncia por desaparici\u00f3n ya que la madre se encontraba en su trabajo. \u201cLas menores terminaron de cenar (inclusive estaban en pijama), y salieron a dar de comer a las mascotas\u2026 y ya no regresaron\u201d.<\/p>\n\n\n\n<p class=\"has-medium-font-size\">En la b\u00fasqueda de las ni\u00f1as de 14 y 13 a\u00f1os de edad se activ\u00f3 el Protocolo Alba, y de manera adicional, la licenciada Joahana Arlette Cruz Escamilla, Presidenta Municipal por Ministerio de Ley, por medio de la intervenci\u00f3n del director de Seguridad P\u00fablica y Tr\u00e1nsito, Enrique L\u00f3pez Mart\u00ednez, solicita el monitoreo de las c\u00e1maras cercanas.<\/p>\n\n\n\n<p class=\"has-medium-font-size\">Al aplicarse los procedimientos de b\u00fasqueda, consistentes en el estudio de las c\u00e1maras del C2, perifoneo, difusi\u00f3n por radio a las patrullas de la media filiaci\u00f3n de las menores, y entrevistas a familiares y amigos, se logr\u00f3 \u201ccrear l\u00edneas de investigaci\u00f3n, y algunas nos arrojaban que las menores se hab\u00edan salido por su propia voluntad debido a una situaci\u00f3n de problemas familiares\u201d, y esta hip\u00f3tesis se reforz\u00f3, cuando la madre recibi\u00f3 una llamada de una de las menores. \u201cLe dice que est\u00e1n bien, y que ellas piensan regresar despu\u00e9s\u201d.<\/p>\n\n\n\n<p class=\"has-medium-font-size\">El siguiente paso fue solicitar la geolocalizaci\u00f3n de llamada recibida, mediante la ayuda de la Fiscal\u00eda General de Justicia del Estado de M\u00e9xico, lo que permiti\u00f3 definir un per\u00edmetro en la segunda secci\u00f3n de la colonia Guadalupana, hasta donde lleg\u00f3 la guardia nacional gestionada por la familia de las ni\u00f1as.<br>Las menores se ubicaron en el domicilio de \u201cun supuesto amigo que comenta que les ayudo a pernoctar porque ya era muy noche\u201d.<\/p>\n\n\n\n<p class=\"has-medium-font-size\">Acto seguido, y como parte del protocolo, se les brind\u00f3 asesor\u00eda y ayuda para que la madre y las ni\u00f1as fueron presentadas ante el Ministerio P\u00fablico con el prop\u00f3sito de dar \u201cbaja a la c\u00e9dula y la denuncia, as\u00ed como manifestar que no fueron v\u00edctimas de ning\u00fan tipo de delito\u201d.<\/p>\n\n\n\n<p class=\"has-medium-font-size\">Debido a que \u201clas jovencitas refirieron haber tenido un berrinche y enojo con su mam\u00e1, y que eso fue el motivo de la salida de su domicilio\u201d, el Comisario orden\u00f3 su canalizaci\u00f3n a \u201cun \u00e1rea psicol\u00f3gica para su atenci\u00f3n y seguimiento, y de esta manera, pudieran acudir a talleres y escuela para padres\u201d, y lograran enfrentar esta situaci\u00f3n familiar de manera favorable.<\/p>\n","protected":false},"excerpt":{"rendered":"<p>Valle de Chalco Solidaridad. En la b\u00fasqueda de las ni\u00f1as de 14 y 13 a\u00f1os&#8230;<\/p>\n","protected":false},"author":4,"featured_media":0,"comment_status":"closed","ping_status":"closed","sticky":false,"template":"","format":"standard","meta":{"footnotes":""},"categories":[4],"tags":[],"class_list":["post-26292","post","type-post","status-publish","format-standard","hentry","category-noticias-del-dia"],"_links":{"self":[{"href":"https:\/\/bambapolitica.com.mx\/index.php\/wp-json\/wp\/v2\/posts\/26292","targetHints":{"allow":["GET"]}}],"collection":[{"href":"https:\/\/bambapolitica.com.mx\/index.php\/wp-json\/wp\/v2\/posts"}],"about":[{"href":"https:\/\/bambapolitica.com.mx\/index.php\/wp-json\/wp\/v2\/types\/post"}],"author":[{"embeddable":true,"href":"https:\/\/bambapolitica.com.mx\/index.php\/wp-json\/wp\/v2\/users\/4"}],"replies":[{"embeddable":true,"href":"https:\/\/bambapolitica.com.mx\/index.php\/wp-json\/wp\/v2\/comments?post=26292"}],"version-history":[{"count":1,"href":"https:\/\/bambapolitica.com.mx\/index.php\/wp-json\/wp\/v2\/posts\/26292\/revisions"}],"predecessor-version":[{"id":26296,"href":"https:\/\/bambapolitica.com.mx\/index.php\/wp-json\/wp\/v2\/posts\/26292\/revisions\/26296"}],"wp:attachment":[{"href":"https:\/\/bambapolitica.com.mx\/index.php\/wp-json\/wp\/v2\/media?parent=26292"}],"wp:term":[{"taxonomy":"category","embeddable":true,"href":"https:\/\/bambapolitica.com.mx\/index.php\/wp-json\/wp\/v2\/categories?post=26292"},{"taxonomy":"post_tag","embeddable":true,"href":"https:\/\/bambapolitica.com.mx\/index.php\/wp-json\/wp\/v2\/tags?post=26292"}],"curies":[{"name":"wp","href":"https:\/\/api.w.org\/{rel}","templated":true}]}}