{"id":26304,"date":"2021-06-23T09:13:36","date_gmt":"2021-06-23T15:13:36","guid":{"rendered":"http:\/\/bambapolitica.com.mx\/?p=26304"},"modified":"2021-06-23T09:14:19","modified_gmt":"2021-06-23T15:14:19","slug":"gobierno-del-edomex-ignora-ley-de-proteccion-a-periodistas","status":"publish","type":"post","link":"https:\/\/bambapolitica.com.mx\/index.php\/2021\/06\/23\/gobierno-del-edomex-ignora-ley-de-proteccion-a-periodistas\/","title":{"rendered":"Gobierno del Edom\u00e9x ignora Ley de Protecci\u00f3n a Periodistas"},"content":{"rendered":"\n<p class=\"has-medium-font-size\">Ante agresiones, el GEM debe ya instalar el Mecanismo de Protecci\u00f3n, reclama Colectivo de Periodistas del Estado de M\u00e9xico.<\/p>\n\n\n\n<p class=\"has-medium-font-size\">El Colectivo de Periodistas del Estado de M\u00e9xico expres\u00f3 su preocupaci\u00f3n por las recientes agresiones que se han reportado en lo que va del mes de junio sin que autoridades estatales y municipales hayan respondido.<\/p>\n\n\n\n<p class=\"has-medium-font-size\">Las y los periodistas que integran el Colectivo expresaron su rechazo a cualquier acci\u00f3n que pretenda obstruir, inhibir, intimidad e impedir el trabajo informativo y especialmente los actos de intimidaci\u00f3n, acoso, amenazas y agresiones directas cometidas por autoridades y particulares, por lo que exigieron al Gobierno del Estado de M\u00e9xico que a la brevedad cumpla con lo dispuesto en la Ley para la Protecci\u00f3n Integral de Periodistas y Personas Defensoras de Derechos Humanos del Estado de M\u00e9xico que entr\u00f3 en vigor el pasado 2 de junio.<\/p>\n\n\n\n<p class=\"has-medium-font-size\">A tres semanas de que se publicara la Ley en la Gaceta Oficial, el Gobierno mexiquense no ha informado sobre la creaci\u00f3n del Mecanismo de Protecci\u00f3n que ordena este marco jur\u00eddico y que tiene la misi\u00f3n de prevenir y en su caso dar seguimiento a las agresiones contra quienes ejercen el periodismo en la entidad.<\/p>\n\n\n\n<p class=\"has-medium-font-size\">En lo que va de este mes de junio se han registrado varias agresiones en varias zonas de la entidad.<\/p>\n\n\n\n<p class=\"has-medium-font-size\">El 27 de Mayo el periodista Jorge Mart\u00ednez, de Amecameca, fue amenazado por dos personas que viajaban a bordo de una motocicleta y aunque el agraviado acudi\u00f3 a la oficina de atenci\u00f3n a periodistas de la Fiscal\u00eda General de Justicia del Estado de M\u00e9xico, no ha hubo ninguna acci\u00f3n en concreto.<\/p>\n\n\n\n<p class=\"has-medium-font-size\">En plena jornada electoral una reportera fue encarcelada por polic\u00edas municipales de Ixtapaluca, s\u00f3lo por haber tomado una fotograf\u00eda de la alcaldesa Maricela Serrano en el momento en que ejerc\u00eda su derecho al voto.<\/p>\n\n\n\n<p class=\"has-medium-font-size\">Este lunes 21 de junio un periodista fue agredido por un grupo de mujeres en la Plaza de los M\u00e1rtires en el Centro de Toluca, y aunque el hecho fue presenciado por elementos de la Polic\u00eda Estatal no hicieron nada por impedir la agresi\u00f3n ni intentar detener a las agresoras.<\/p>\n\n\n\n<p class=\"has-medium-font-size\">El Colectivo de Periodistas reproch\u00f3 tambi\u00e9n el reciente asesinato de Enrique Garc\u00eda, al parecer en un intento de asalto y reiter\u00f3 la exigencia a la FGJEM para que rinda un informe detallado sobre el avance de las investigaciones por el asesinato de Nevith Cond\u00e9s Jaramillo, acaecido el 24 de agosto de 2019 en Tejupilco.<\/p>\n\n\n\n<p class=\"has-medium-font-size\">Ante estos hechos, el Colectivo insisti\u00f3 en su demanda para que el gobierno de Alfredo del Mazo Maza avance en la instalaci\u00f3n del Mecanismo de Protecci\u00f3n, que ordena seg\u00fan lo dispuesto en la ley de Protecci\u00f3n a Periodistas y Personas Defensores de los Derechos Humanos aprobada por unanimidad el 20 de abril pasado en el seno del Congreso Mexiquense.<br>informativo nacional.<\/p>\n","protected":false},"excerpt":{"rendered":"<p>Ante agresiones, el GEM debe ya instalar el Mecanismo de Protecci\u00f3n, reclama Colectivo de Periodistas&#8230;<\/p>\n","protected":false},"author":4,"featured_media":0,"comment_status":"closed","ping_status":"closed","sticky":false,"template":"","format":"standard","meta":{"footnotes":""},"categories":[4],"tags":[],"class_list":["post-26304","post","type-post","status-publish","format-standard","hentry","category-noticias-del-dia"],"_links":{"self":[{"href":"https:\/\/bambapolitica.com.mx\/index.php\/wp-json\/wp\/v2\/posts\/26304","targetHints":{"allow":["GET"]}}],"collection":[{"href":"https:\/\/bambapolitica.com.mx\/index.php\/wp-json\/wp\/v2\/posts"}],"about":[{"href":"https:\/\/bambapolitica.com.mx\/index.php\/wp-json\/wp\/v2\/types\/post"}],"author":[{"embeddable":true,"href":"https:\/\/bambapolitica.com.mx\/index.php\/wp-json\/wp\/v2\/users\/4"}],"replies":[{"embeddable":true,"href":"https:\/\/bambapolitica.com.mx\/index.php\/wp-json\/wp\/v2\/comments?post=26304"}],"version-history":[{"count":1,"href":"https:\/\/bambapolitica.com.mx\/index.php\/wp-json\/wp\/v2\/posts\/26304\/revisions"}],"predecessor-version":[{"id":26308,"href":"https:\/\/bambapolitica.com.mx\/index.php\/wp-json\/wp\/v2\/posts\/26304\/revisions\/26308"}],"wp:attachment":[{"href":"https:\/\/bambapolitica.com.mx\/index.php\/wp-json\/wp\/v2\/media?parent=26304"}],"wp:term":[{"taxonomy":"category","embeddable":true,"href":"https:\/\/bambapolitica.com.mx\/index.php\/wp-json\/wp\/v2\/categories?post=26304"},{"taxonomy":"post_tag","embeddable":true,"href":"https:\/\/bambapolitica.com.mx\/index.php\/wp-json\/wp\/v2\/tags?post=26304"}],"curies":[{"name":"wp","href":"https:\/\/api.w.org\/{rel}","templated":true}]}}