{"id":26370,"date":"2021-06-24T09:25:35","date_gmt":"2021-06-24T15:25:35","guid":{"rendered":"http:\/\/bambapolitica.com.mx\/?p=26370"},"modified":"2021-06-24T09:35:31","modified_gmt":"2021-06-24T15:35:31","slug":"se-desploma-techo-de-capilla-en-texcoco-ayuntamiento-ignoro-el-llamado-ciudadano","status":"publish","type":"post","link":"https:\/\/bambapolitica.com.mx\/index.php\/2021\/06\/24\/se-desploma-techo-de-capilla-en-texcoco-ayuntamiento-ignoro-el-llamado-ciudadano\/","title":{"rendered":"Se desploma techo de capilla en Texcoco, Ayuntamiento ignor\u00f3 el llamado ciudadano"},"content":{"rendered":"\n<p class=\"has-medium-font-size\">La b\u00f3veda de la capilla fue remodelada durante la administraci\u00f3n del ahora senador de la rep\u00fablica, Higinio Mart\u00ednez cuando fue presidente municipal entre 2015 y 2018. La construcci\u00f3n result\u00f3 defectuosa.<\/p>\n\n\n\n<p class=\"has-medium-font-size\">Tras el resquebrajamiento del techo de la Capilla Santa Mar\u00eda de Guadalupe y San Judas Tadeo en los ejidos de Riva Palacio en Texcoco, denunciado en tiempo y forma por sus mayordomos al Ayuntamiento, los habitantes de la comunidad tuvieron que derribarlo ellos mismos por el peligro que representaba para los feligreses.<\/p>\n\n\n\n<p class=\"has-medium-font-size\">Las autoridades actuaron de manera negligente y soberbia, de acuerdo con Mar\u00eda del Refugio Yescas, \u00c1ngela Guti\u00e9rrez y Graciela Guti\u00e9rrez, mayordomos del lugar. \u2019Nosotros avisamos a tiempo, vinieron de parte de protecci\u00f3n civil, vieron el problema pero no hicieron nada. Nos pusimos de acuerdo con el padre y decidimos tirar la b\u00f3veda porque era riesgoso para los ni\u00f1os y quienes venimos a misa\u2019, coment\u00f3 la se\u00f1ora Yescas.<\/p>\n\n\n\n<p class=\"has-medium-font-size\">Debido a que los colonos \u2019derrumbaron\u2019 el techo de la capilla, el Ayuntamiento propone derribar y edificar una nueva, pero los vecinos no est\u00e1n de acuerdo. \u2019Si no vinieron a tumbar el techo antes de que se convirtiera en un peligro, menos van a construir una capilla nueva, por eso no creemos en esa soluci\u00f3n\u2019, agreg\u00f3 \u00c1ngela Guti\u00e9rrez.<\/p>\n\n\n\n<p class=\"has-medium-font-size\">La b\u00f3veda de la capilla fue remodelada durante la administraci\u00f3n del ahora senador de la rep\u00fablica, Higinio Mart\u00ednez cuando fue presidente municipal entre 2015 y 2018. La construcci\u00f3n result\u00f3 defectuosa.<\/p>\n","protected":false},"excerpt":{"rendered":"<p>La b\u00f3veda de la capilla fue remodelada durante la administraci\u00f3n del ahora senador de la&#8230;<\/p>\n","protected":false},"author":4,"featured_media":0,"comment_status":"closed","ping_status":"closed","sticky":false,"template":"","format":"standard","meta":{"footnotes":""},"categories":[4],"tags":[],"class_list":["post-26370","post","type-post","status-publish","format-standard","hentry","category-noticias-del-dia"],"_links":{"self":[{"href":"https:\/\/bambapolitica.com.mx\/index.php\/wp-json\/wp\/v2\/posts\/26370","targetHints":{"allow":["GET"]}}],"collection":[{"href":"https:\/\/bambapolitica.com.mx\/index.php\/wp-json\/wp\/v2\/posts"}],"about":[{"href":"https:\/\/bambapolitica.com.mx\/index.php\/wp-json\/wp\/v2\/types\/post"}],"author":[{"embeddable":true,"href":"https:\/\/bambapolitica.com.mx\/index.php\/wp-json\/wp\/v2\/users\/4"}],"replies":[{"embeddable":true,"href":"https:\/\/bambapolitica.com.mx\/index.php\/wp-json\/wp\/v2\/comments?post=26370"}],"version-history":[{"count":1,"href":"https:\/\/bambapolitica.com.mx\/index.php\/wp-json\/wp\/v2\/posts\/26370\/revisions"}],"predecessor-version":[{"id":26371,"href":"https:\/\/bambapolitica.com.mx\/index.php\/wp-json\/wp\/v2\/posts\/26370\/revisions\/26371"}],"wp:attachment":[{"href":"https:\/\/bambapolitica.com.mx\/index.php\/wp-json\/wp\/v2\/media?parent=26370"}],"wp:term":[{"taxonomy":"category","embeddable":true,"href":"https:\/\/bambapolitica.com.mx\/index.php\/wp-json\/wp\/v2\/categories?post=26370"},{"taxonomy":"post_tag","embeddable":true,"href":"https:\/\/bambapolitica.com.mx\/index.php\/wp-json\/wp\/v2\/tags?post=26370"}],"curies":[{"name":"wp","href":"https:\/\/api.w.org\/{rel}","templated":true}]}}