{"id":26373,"date":"2021-06-24T10:15:56","date_gmt":"2021-06-24T16:15:56","guid":{"rendered":"http:\/\/bambapolitica.com.mx\/?p=26373"},"modified":"2021-06-24T10:15:58","modified_gmt":"2021-06-24T16:15:58","slug":"hallan-mas-de-750-tumbas-cerca-de-antigua-escuela-indigena-en-canada","status":"publish","type":"post","link":"https:\/\/bambapolitica.com.mx\/index.php\/2021\/06\/24\/hallan-mas-de-750-tumbas-cerca-de-antigua-escuela-indigena-en-canada\/","title":{"rendered":"Hallan m\u00e1s de 750 tumbas cerca de antigua escuela ind\u00edgena en Canad\u00e1"},"content":{"rendered":"\n<p class=\"has-medium-font-size\">Hallan m\u00e1s de&nbsp;750 tumbas an\u00f3nimas&nbsp;cerca de antigua escuela ind\u00edgena en Canad\u00e1&#8230;<\/p>\n\n\n\n<p class=\"has-medium-font-size\">Cientos de tumbas no identificadas fueron localizadas en un sitio cercano a un viejo&nbsp; internado cat\u00f3lico para ind\u00edgenas en el oeste de Canad\u00e1, informaron el mi\u00e9rcoles varios medios locales.<\/p>\n\n\n\n<p class=\"has-medium-font-size\">Las excavaciones en torno a una vieja escuela en Marieval, en la provincia de Saskatchewan, comenzaron a fines de mayo tras descubrirse los restos de 215 escolares enterrados en otro antiguo internado nativo cercano, el de Kamloops, en&nbsp;Columbia Brit\u00e1nica, la provincia m\u00e1s occidental de Canad\u00e1.<\/p>\n\n\n\n<p class=\"has-medium-font-size\">Ese descubrimiento reaviv\u00f3 los llamados al papa Francisco y a la Iglesia Cat\u00f3lica a disculparse por los abusos y la violencia sufrida por los estudiantes en ese tipo de internados a donde fueron llevados a la fuerza para asimilarlos a la cultura dominante.<\/p>\n\n\n\n<p class=\"has-medium-font-size\">En un comunicado citado por medios canadienses, la comunidad&nbsp;aut\u00f3ctona Cowessess&nbsp;inform\u00f3 sobre el &#8220;horrible y chocante descubrimiento de cientos de tumbas sin identificar&#8221; durante excavaciones en el sitio del antiguo internado de Marieval.<\/p>\n\n\n\n<p class=\"has-medium-font-size\">Esa cantidad de tumbas ser\u00eda &#8220;la m\u00e1s significativamente sustancial hasta la fecha en Canad\u00e1&#8221;, seg\u00fan la Federaci\u00f3n de Naciones Soberanas Ind\u00edgenas de Canad\u00e1 en un comunicado.<\/p>\n\n\n\n<p class=\"has-medium-font-size\">Dirigentes de la comunidad y de la Federaci\u00f3n informar\u00e1n el jueves sobre el descubrimiento.<\/p>\n\n\n\n<p class=\"has-medium-font-size\">&#8220;Es absolutamente tr\u00e1gico pero no es sorprendente&#8221;, dijo la noche del mi\u00e9rcoles Perry Bellegarde, jefe de la organizaci\u00f3n Asamblea de Primeras Naciones, que representa a m\u00e1s de 900,000 ind\u00edgenas en Canad\u00e1.<\/p>\n\n\n\n<p class=\"has-medium-font-size\">Tras el descubrimiento de restos de ni\u00f1os en el asilo de Kamloops, se iniciaron, con apoyo gubernamental, excavaciones en establecimientos escolares similares en todo Canad\u00e1.<\/p>\n\n\n\n<p class=\"has-medium-font-size\">El pensionado de&nbsp;Marieval acogi\u00f3 ni\u00f1os aut\u00f3ctonos desde 1899 hasta 1997. Fue demolido dos a\u00f1os despu\u00e9s y reemplazado por una escuela.<\/p>\n\n\n\n<p class=\"has-medium-font-size\">Unos 150,000 ni\u00f1os amerindios, mestizos y enuit, fueron reclutados por la fuerza hasta la d\u00e9cada de 1990 en 139 escuelas residenciales del pa\u00eds donde quedaban aislados de sus familias, idioma y cultura.<\/p>\n\n\n\n<p class=\"has-medium-font-size\">Varios fueron sometidos a maltratos o violencia sexual y m\u00e1s de 4,000 murieron; seg\u00fan una investigaci\u00f3n que concluy\u00f3 que Canad\u00e1 cometi\u00f3 un &#8220;genocidio cultural&#8221;.<\/p>\n","protected":false},"excerpt":{"rendered":"<p>Hallan m\u00e1s de&nbsp;750 tumbas an\u00f3nimas&nbsp;cerca de antigua escuela ind\u00edgena en Canad\u00e1&#8230; Cientos de tumbas no&#8230;<\/p>\n","protected":false},"author":4,"featured_media":0,"comment_status":"closed","ping_status":"closed","sticky":false,"template":"","format":"standard","meta":{"footnotes":""},"categories":[5],"tags":[],"class_list":["post-26373","post","type-post","status-publish","format-standard","hentry","category-internacional"],"_links":{"self":[{"href":"https:\/\/bambapolitica.com.mx\/index.php\/wp-json\/wp\/v2\/posts\/26373","targetHints":{"allow":["GET"]}}],"collection":[{"href":"https:\/\/bambapolitica.com.mx\/index.php\/wp-json\/wp\/v2\/posts"}],"about":[{"href":"https:\/\/bambapolitica.com.mx\/index.php\/wp-json\/wp\/v2\/types\/post"}],"author":[{"embeddable":true,"href":"https:\/\/bambapolitica.com.mx\/index.php\/wp-json\/wp\/v2\/users\/4"}],"replies":[{"embeddable":true,"href":"https:\/\/bambapolitica.com.mx\/index.php\/wp-json\/wp\/v2\/comments?post=26373"}],"version-history":[{"count":2,"href":"https:\/\/bambapolitica.com.mx\/index.php\/wp-json\/wp\/v2\/posts\/26373\/revisions"}],"predecessor-version":[{"id":26410,"href":"https:\/\/bambapolitica.com.mx\/index.php\/wp-json\/wp\/v2\/posts\/26373\/revisions\/26410"}],"wp:attachment":[{"href":"https:\/\/bambapolitica.com.mx\/index.php\/wp-json\/wp\/v2\/media?parent=26373"}],"wp:term":[{"taxonomy":"category","embeddable":true,"href":"https:\/\/bambapolitica.com.mx\/index.php\/wp-json\/wp\/v2\/categories?post=26373"},{"taxonomy":"post_tag","embeddable":true,"href":"https:\/\/bambapolitica.com.mx\/index.php\/wp-json\/wp\/v2\/tags?post=26373"}],"curies":[{"name":"wp","href":"https:\/\/api.w.org\/{rel}","templated":true}]}}