{"id":26383,"date":"2021-06-24T10:16:14","date_gmt":"2021-06-24T16:16:14","guid":{"rendered":"http:\/\/bambapolitica.com.mx\/?p=26383"},"modified":"2021-06-24T10:16:18","modified_gmt":"2021-06-24T16:16:18","slug":"eli-lilly-va-por-autorizacion-para-droga-contra-alzheimer","status":"publish","type":"post","link":"https:\/\/bambapolitica.com.mx\/index.php\/2021\/06\/24\/eli-lilly-va-por-autorizacion-para-droga-contra-alzheimer\/","title":{"rendered":"Eli Lilly va por autorizaci\u00f3n para droga contra Alzheimer"},"content":{"rendered":"\n<p class=\"has-medium-font-size\">&nbsp;Eli Lilly&nbsp;anunci\u00f3 el jueves que est\u00e1 casi en condiciones de solicitar nuevamente la aprobaci\u00f3n de las autoridades regulatorias para una droga contra el mal de&nbsp;Alzheimer.<\/p>\n\n\n\n<p class=\"has-medium-font-size\">La farmac\u00e9utica piensa presentar su droga donanemab para el posible tratamiento de&nbsp;Alzheimer&nbsp;a la Administraci\u00f3n de Alimentos y Medicamentos (FDA por sus siglas en ingl\u00e9s) en los pr\u00f3ximos meses.<\/p>\n\n\n\n<p class=\"has-medium-font-size\">Hace unas semanas, la&nbsp;FDA&nbsp;aprob\u00f3 un tratamiento de la rival&nbsp;Biogen&nbsp;a pesar de la advertencia de los asesores externos de la agencia, de que no estaba demostrada su eficacia para frenar el avance del mal destructor del cerebro.<\/p>\n\n\n\n<p class=\"has-medium-font-size\">La FDA aprob\u00f3 el&nbsp;Aduhelm de Biogen&nbsp;sobre la base de los resultados de ciertos estudios seg\u00fan los cuales parec\u00eda \u201crazonablemente probable\u201d que ayudar\u00eda a los enfermos de Alzheimer. Es la primera droga contra el Alzheimer en casi 20 a\u00f1os y la \u00fanica terapia que de acuerdo con los reguladores estadounidenses puede tratar la enfermedad subyacente en lugar de atacar s\u00edntomas tales como la ansiedad y el insomnio.<\/p>\n\n\n\n<p class=\"has-medium-font-size\">Lilly dijo el jueves que el pedido de aprobaci\u00f3n de su droga donanemab se basa en datos de su estudio cl\u00ednico en etapa intermedia de la droga con 272 enfermos. La FDA design\u00f3 la donanemab \u201cgran avance terap\u00e9utico\u201d, una clasificaci\u00f3n que busca acelerar el desarrollo y revisi\u00f3n de drogas que muestran indicios de ser una mejora con respecto a los tratamientos tradicionales.<\/p>\n\n\n\n<p class=\"has-medium-font-size\">La empresa con sede en Indianapolis&nbsp;examinar\u00e1 la droga en un estudio&nbsp;m\u00e1s amplio de etapa tard\u00eda. Una vocera de Lilly dijo que se prev\u00e9 completar el enrolamiento en el estudio para fines de a\u00f1o, tras lo cual se realizar\u00e1 un per\u00edodo de tratamiento de 18 meses.<\/p>\n\n\n\n<p class=\"has-medium-font-size\">Adulhem y donanemab&nbsp;ayudan a eliminar del cerebro una prote\u00edna llamada beta amiloide.<\/p>\n\n\n\n<p class=\"has-medium-font-size\">Lilly podr\u00eda estar en condiciones de solicitar la aprobaci\u00f3n dentro de dos o tres meses porque parece tener todos los datos necesarios, dijo el doctor Vamil Divan, un analista que cubre la empresa para Mizhuho Securities USA.<\/p>\n\n\n\n<p class=\"has-medium-font-size\">Millones de personas en el mundo padecen el mal de Alzheimer, que ataca gradualmente los centros del cerebro que controlan la memoria, razonamiento, comunicaci\u00f3n y tareas cotidianas elementales.<\/p>\n\n\n\n<p class=\"has-medium-font-size\">Las acciones de&nbsp;Eli Lilly and Co.&nbsp;aumentaron m\u00e1s de 8%, 18,59 d\u00f3lares, a 235,69 d\u00f3lares en la apertura de la Bolsa el jueves.<\/p>\n","protected":false},"excerpt":{"rendered":"<p>&nbsp;Eli Lilly&nbsp;anunci\u00f3 el jueves que est\u00e1 casi en condiciones de solicitar nuevamente la aprobaci\u00f3n de&#8230;<\/p>\n","protected":false},"author":4,"featured_media":0,"comment_status":"closed","ping_status":"closed","sticky":false,"template":"","format":"standard","meta":{"footnotes":""},"categories":[5],"tags":[],"class_list":["post-26383","post","type-post","status-publish","format-standard","hentry","category-internacional"],"_links":{"self":[{"href":"https:\/\/bambapolitica.com.mx\/index.php\/wp-json\/wp\/v2\/posts\/26383","targetHints":{"allow":["GET"]}}],"collection":[{"href":"https:\/\/bambapolitica.com.mx\/index.php\/wp-json\/wp\/v2\/posts"}],"about":[{"href":"https:\/\/bambapolitica.com.mx\/index.php\/wp-json\/wp\/v2\/types\/post"}],"author":[{"embeddable":true,"href":"https:\/\/bambapolitica.com.mx\/index.php\/wp-json\/wp\/v2\/users\/4"}],"replies":[{"embeddable":true,"href":"https:\/\/bambapolitica.com.mx\/index.php\/wp-json\/wp\/v2\/comments?post=26383"}],"version-history":[{"count":2,"href":"https:\/\/bambapolitica.com.mx\/index.php\/wp-json\/wp\/v2\/posts\/26383\/revisions"}],"predecessor-version":[{"id":26411,"href":"https:\/\/bambapolitica.com.mx\/index.php\/wp-json\/wp\/v2\/posts\/26383\/revisions\/26411"}],"wp:attachment":[{"href":"https:\/\/bambapolitica.com.mx\/index.php\/wp-json\/wp\/v2\/media?parent=26383"}],"wp:term":[{"taxonomy":"category","embeddable":true,"href":"https:\/\/bambapolitica.com.mx\/index.php\/wp-json\/wp\/v2\/categories?post=26383"},{"taxonomy":"post_tag","embeddable":true,"href":"https:\/\/bambapolitica.com.mx\/index.php\/wp-json\/wp\/v2\/tags?post=26383"}],"curies":[{"name":"wp","href":"https:\/\/api.w.org\/{rel}","templated":true}]}}