{"id":26384,"date":"2021-06-24T09:59:49","date_gmt":"2021-06-24T15:59:49","guid":{"rendered":"http:\/\/bambapolitica.com.mx\/?p=26384"},"modified":"2021-06-24T09:59:51","modified_gmt":"2021-06-24T15:59:51","slug":"amlo-va-a-sacarle-jugo-a-la-consulta","status":"publish","type":"post","link":"https:\/\/bambapolitica.com.mx\/index.php\/2021\/06\/24\/amlo-va-a-sacarle-jugo-a-la-consulta\/","title":{"rendered":"AMLO va a sacarle jugo a la consulta"},"content":{"rendered":"\n<p class=\"has-medium-font-size\">Despu\u00e9s de la consulta, AMLO seguramente se\u00f1alar\u00e1 que se cuenta con el aval de la gente para investigar a los expresidentes.<\/p>\n\n\n\n<p class=\"has-medium-font-size\">Dentro de 38 d\u00edas habr\u00e1 nuevamente 50 mil urnas distribuidas en el pa\u00eds para la realizaci\u00f3n de una consulta popular.<\/p>\n\n\n\n<p class=\"has-medium-font-size\">\u00bfA qui\u00e9n le sirve esta consulta?<\/p>\n\n\n\n<p class=\"has-medium-font-size\">Para entender su naturaleza y el contexto de su realizaci\u00f3n, perm\u00edtame hacer un poco de historia.<\/p>\n\n\n\n<p class=\"has-medium-font-size\">Una de las decisiones que marc\u00f3 esta administraci\u00f3n se tom\u00f3 antes de que arrancara el sexenio: la cancelaci\u00f3n del Aeropuerto de Texcoco.<\/p>\n\n\n\n<p class=\"has-medium-font-size\">El 29 de octubre de 2018 se daban a conocer los resultados de la consulta popular en la cual se bas\u00f3 esa determinaci\u00f3n. El 69.95 por ciento del 1 mill\u00f3n 67 mil 589 personas que particip\u00f3, vot\u00f3 porque que se cancelara el proyecto, mientras que 29 por ciento estuvo a favor de continuarlo.<\/p>\n\n\n\n<p class=\"has-medium-font-size\">No fue obst\u00e1culo que el porcentaje de los asistentes a esta consulta representara solamente 1.2 por ciento del padr\u00f3n electoral.<\/p>\n\n\n\n<p class=\"has-medium-font-size\">Tras esa consulta, se han realizado otras con una participaci\u00f3n m\u00e1s limitada.<\/p>\n\n\n\n<p class=\"has-medium-font-size\">En febrero de 2019 se realiz\u00f3 una consulta en la que participaron 55 mil personas en el estado de Morelos y el 59.5 por ciento vot\u00f3 a favor de que se pusiera en operaci\u00f3n una termoel\u00e9ctrica en el estado.<\/p>\n\n\n\n<p class=\"has-medium-font-size\">En junio de 2019, en un mitin en G\u00f3mez Palacio, Durango, el presidente realiz\u00f3 una consulta a mano alzada entre algunos cientos de asistentes, que cancel\u00f3 el proyecto de un Metrob\u00fas en la zona de La Laguna.<\/p>\n\n\n\n<p class=\"has-medium-font-size\">En marzo de 2020, se puso a consulta la construcci\u00f3n de una planta de cerveza en Mexicali. Participaron 36 mil 781 personas y 76 por ciento rechaz\u00f3 la construcci\u00f3n de la planta, la cual se cancel\u00f3 a pesar de estar el proyecto en marcha.<\/p>\n\n\n\n<p class=\"has-medium-font-size\">En abril de este a\u00f1o se hicieron reformas a la Constituci\u00f3n y a la Ley Federal de Consulta Popular y se ratific\u00f3 que para que el resultado de una consulta popular sea vinculatorio, es decir, que se obligue por ley a su realizaci\u00f3n, debe participar al menos 40 por ciento de la lista nominal de electores.<\/p>\n\n\n\n<p class=\"has-medium-font-size\">Previamente, el presidente L\u00f3pez Obrador se\u00f1al\u00f3 su intenci\u00f3n de someter a consulta si se deb\u00eda investigar y en su caso procesar a los expresidentes.<\/p>\n\n\n\n<p class=\"has-medium-font-size\">En octubre del a\u00f1o pasado, de manera sorpresiva, el pleno de la Corte rechaz\u00f3 la pregunta formulada por el Ejecutivo para este prop\u00f3sito, pero acept\u00f3 por 8 a 3 votos, la realizaci\u00f3n de la consulta para \u201cemprender un proceso de esclarecimiento de las decisiones pol\u00edticas tomadas en los a\u00f1os pasados\u201d.<\/p>\n\n\n\n<p class=\"has-medium-font-size\">Le puedo asegurar dos cosas. La primera es que ni por un milagro habr\u00e1 de llegarse al porcentaje de participaci\u00f3n requerido para que el resultado sea obligatorio, pues implicar\u00eda la participaci\u00f3n de alrededor de 37 millones de ciudadanos. No va a ocurrir.<\/p>\n\n\n\n<p class=\"has-medium-font-size\">La segunda es que los t\u00e9rminos de la redacci\u00f3n son tan ambiguos e indefinidos que quieren decir todo y nada.<\/p>\n\n\n\n<p class=\"has-medium-font-size\">Esta semana, el presidente de la Rep\u00fablica volvi\u00f3 a lanzarse contra el INE por no usar m\u00e1s recursos en la promoci\u00f3n y realizaci\u00f3n de la consulta.<\/p>\n\n\n\n<p class=\"has-medium-font-size\">Desde Palacio Nacional saben que el resultado previsto quiz\u00e1 pueda ser de un mill\u00f3n o poco m\u00e1s de participantes, tomando en cuenta los antecedentes.<\/p>\n\n\n\n<p class=\"has-medium-font-size\">Pero, no importar\u00e1 ni el nivel de participaci\u00f3n ni la redacci\u00f3n de la pregunta.<\/p>\n\n\n\n<p class=\"has-medium-font-size\">Despu\u00e9s de la consulta, AMLO seguramente se\u00f1alar\u00e1 que se cuenta con el aval de la gente para investigar a los expresidentes.<\/p>\n\n\n\n<p class=\"has-medium-font-size\">Se tratar\u00e1 de dar nuevo aliento a la narrativa que lo llev\u00f3 a la presidencia, cuestionando la corrupci\u00f3n y las decisiones que beneficiaron a pocos.<\/p>\n\n\n\n<p class=\"has-medium-font-size\">Y este hecho ser\u00e1 parte de la estrategia para reposicionar a su gobierno y a Morena.<\/p>\n\n\n\n<p class=\"has-medium-font-size\">El presidente sabe que, en funci\u00f3n de los resultados del pasado 6 de junio, la contienda por la presidencia en 2024 no va a ser un d\u00eda de campo y que, al margen del candidato o candidata que elija, tiene que encontrar nuevos medios para mantener funcionando la maquinaria y la narrativa pol\u00edtica que permiti\u00f3 su triunfo hace tres a\u00f1os.<\/p>\n\n\n\n<p class=\"has-medium-font-size\">Ahora es esta consulta y en 2022 ser\u00e1 el tema de la revocaci\u00f3n de mandato.<\/p>\n\n\n\n<p class=\"has-medium-font-size\">Y en 2023 habr\u00e1 otros asuntos que permitan atraer la atenci\u00f3n de la ciudadan\u00eda.<\/p>\n\n\n\n<p class=\"has-medium-font-size\">Como le hemos comentado, mientras la oposici\u00f3n act\u00fae de manera reactiva, por ejemplo, en este caso simplemente rechazando participar en la consulta, pero sin desarrollar una agenda activa y propia, Morena va a tomar ventaja en esta carrera.<\/p>\n","protected":false},"excerpt":{"rendered":"<p>Despu\u00e9s de la consulta, AMLO seguramente se\u00f1alar\u00e1 que se cuenta con el aval de la&#8230;<\/p>\n","protected":false},"author":4,"featured_media":0,"comment_status":"closed","ping_status":"closed","sticky":false,"template":"","format":"standard","meta":{"footnotes":""},"categories":[15],"tags":[],"class_list":["post-26384","post","type-post","status-publish","format-standard","hentry","category-opinion"],"_links":{"self":[{"href":"https:\/\/bambapolitica.com.mx\/index.php\/wp-json\/wp\/v2\/posts\/26384","targetHints":{"allow":["GET"]}}],"collection":[{"href":"https:\/\/bambapolitica.com.mx\/index.php\/wp-json\/wp\/v2\/posts"}],"about":[{"href":"https:\/\/bambapolitica.com.mx\/index.php\/wp-json\/wp\/v2\/types\/post"}],"author":[{"embeddable":true,"href":"https:\/\/bambapolitica.com.mx\/index.php\/wp-json\/wp\/v2\/users\/4"}],"replies":[{"embeddable":true,"href":"https:\/\/bambapolitica.com.mx\/index.php\/wp-json\/wp\/v2\/comments?post=26384"}],"version-history":[{"count":1,"href":"https:\/\/bambapolitica.com.mx\/index.php\/wp-json\/wp\/v2\/posts\/26384\/revisions"}],"predecessor-version":[{"id":26389,"href":"https:\/\/bambapolitica.com.mx\/index.php\/wp-json\/wp\/v2\/posts\/26384\/revisions\/26389"}],"wp:attachment":[{"href":"https:\/\/bambapolitica.com.mx\/index.php\/wp-json\/wp\/v2\/media?parent=26384"}],"wp:term":[{"taxonomy":"category","embeddable":true,"href":"https:\/\/bambapolitica.com.mx\/index.php\/wp-json\/wp\/v2\/categories?post=26384"},{"taxonomy":"post_tag","embeddable":true,"href":"https:\/\/bambapolitica.com.mx\/index.php\/wp-json\/wp\/v2\/tags?post=26384"}],"curies":[{"name":"wp","href":"https:\/\/api.w.org\/{rel}","templated":true}]}}