{"id":26388,"date":"2021-06-24T10:16:24","date_gmt":"2021-06-24T16:16:24","guid":{"rendered":"http:\/\/bambapolitica.com.mx\/?p=26388"},"modified":"2021-06-24T10:16:25","modified_gmt":"2021-06-24T16:16:25","slug":"detienen-a-sujeto-por-robo-de-cable-en-el-metro","status":"publish","type":"post","link":"https:\/\/bambapolitica.com.mx\/index.php\/2021\/06\/24\/detienen-a-sujeto-por-robo-de-cable-en-el-metro\/","title":{"rendered":"Detienen a sujeto por robo de cable en el Metro"},"content":{"rendered":"\n<p class=\"has-medium-font-size\">Elementos de la Secretar\u00eda de Seguridad Ciudadana detuvieron a un sujeto que robaba cable de las instalaciones del Sistema de Transporte Colectivo (STC).<\/p>\n\n\n\n<p class=\"has-medium-font-size\">De acuerdo con autoridades del Metro alrededor de las 6:50 horas de este jueves, personal del \u00e1rea de Transportaci\u00f3n detect\u00f3 a una persona ajena a la zona de v\u00edas de enlace de Ocean\u00eda L\u00ednea 5 con L\u00ednea B.<\/p>\n\n\n\n<p class=\"has-medium-font-size\">De inmediato se solicit\u00f3 la presencia de los uniformados los cuales comenzaron a rastrear la zona para tratar de ubicar al responsable.<\/p>\n\n\n\n<p class=\"has-medium-font-size\">Aproximadamente a las 7:15 horas, el sujeto fue ubicado por los polic\u00edas en la avenida R\u00edo Consulado, con una mochila donde se encontr\u00f3 cable, probablemente propiedad del Metro.<\/p>\n\n\n\n<p class=\"has-medium-font-size\">El jur\u00eddico del STC tom\u00f3 conocimiento y determin\u00f3 que la persona fuera trasladada al Ministerio P\u00fablico.<\/p>\n","protected":false},"excerpt":{"rendered":"<p>Elementos de la Secretar\u00eda de Seguridad Ciudadana detuvieron a un sujeto que robaba cable de&#8230;<\/p>\n","protected":false},"author":4,"featured_media":0,"comment_status":"closed","ping_status":"closed","sticky":false,"template":"","format":"standard","meta":{"footnotes":""},"categories":[2],"tags":[],"class_list":["post-26388","post","type-post","status-publish","format-standard","hentry","category-policiaca"],"_links":{"self":[{"href":"https:\/\/bambapolitica.com.mx\/index.php\/wp-json\/wp\/v2\/posts\/26388","targetHints":{"allow":["GET"]}}],"collection":[{"href":"https:\/\/bambapolitica.com.mx\/index.php\/wp-json\/wp\/v2\/posts"}],"about":[{"href":"https:\/\/bambapolitica.com.mx\/index.php\/wp-json\/wp\/v2\/types\/post"}],"author":[{"embeddable":true,"href":"https:\/\/bambapolitica.com.mx\/index.php\/wp-json\/wp\/v2\/users\/4"}],"replies":[{"embeddable":true,"href":"https:\/\/bambapolitica.com.mx\/index.php\/wp-json\/wp\/v2\/comments?post=26388"}],"version-history":[{"count":1,"href":"https:\/\/bambapolitica.com.mx\/index.php\/wp-json\/wp\/v2\/posts\/26388\/revisions"}],"predecessor-version":[{"id":26391,"href":"https:\/\/bambapolitica.com.mx\/index.php\/wp-json\/wp\/v2\/posts\/26388\/revisions\/26391"}],"wp:attachment":[{"href":"https:\/\/bambapolitica.com.mx\/index.php\/wp-json\/wp\/v2\/media?parent=26388"}],"wp:term":[{"taxonomy":"category","embeddable":true,"href":"https:\/\/bambapolitica.com.mx\/index.php\/wp-json\/wp\/v2\/categories?post=26388"},{"taxonomy":"post_tag","embeddable":true,"href":"https:\/\/bambapolitica.com.mx\/index.php\/wp-json\/wp\/v2\/tags?post=26388"}],"curies":[{"name":"wp","href":"https:\/\/api.w.org\/{rel}","templated":true}]}}