{"id":26399,"date":"2021-06-24T10:07:12","date_gmt":"2021-06-24T16:07:12","guid":{"rendered":"http:\/\/bambapolitica.com.mx\/?p=26399"},"modified":"2021-06-24T10:07:16","modified_gmt":"2021-06-24T16:07:16","slug":"salma-hayek-asegura-que-le-crecio-el-busto-con-la-menopausia","status":"publish","type":"post","link":"https:\/\/bambapolitica.com.mx\/index.php\/2021\/06\/24\/salma-hayek-asegura-que-le-crecio-el-busto-con-la-menopausia\/","title":{"rendered":"Salma Hayek asegura que le creci\u00f3 el busto con la menopausia"},"content":{"rendered":"\n<p class=\"has-medium-font-size\">Desde los inicios de su carrera, el f\u00edsico de Salma Hayek ha sido sometido a un intenso escrutinio por su gen\u00e9tica privilegiada.<\/p>\n\n\n\n<p class=\"has-medium-font-size\">La mexicana, que es una firme detractora del b\u00f3tox y otras infiltraciones similares, es consciente de que en los \u00faltimos a\u00f1os se ha rumorado en varias ocasiones que hab\u00eda pasado por el quir\u00f3fano para aumentar el tama\u00f1o de su pecho y ahora aclarar\u00f3 que cualquier cambio en su apariencia ha sido una reacci\u00f3n natural al paso del tiempo.<\/p>\n\n\n\n<p class=\"has-medium-font-size\">&#8220;Mucha gente ha dicho que me hab\u00eda aumentado el pecho, \u00a1y no les culpo! Es verdad que antes mis pechos eran m\u00e1s peque\u00f1os, igual que el resto de mi cuerpo. Pero han seguido creciendo. \u00a1Muchas, muchas tallas! Y mi espalda se ha resentido mucho. Y no mucha gente habla de este problema&#8221;, le confes\u00f3 a Jada Pinkett Smith en el programa &#8216;Red Table Talk&#8217;.<\/p>\n\n\n\n<iframe loading=\"lazy\" src=\"https:\/\/www.facebook.com\/plugins\/video.php?height=314&#038;href=https%3A%2F%2Fwww.facebook.com%2Fredtabletalk%2Fvideos%2F526652978537024%2F&#038;show_text=true&#038;width=560&#038;t=0\" width=\"560\" height=\"429\" style=\"border:none;overflow:hidden\" scrolling=\"no\" frameborder=\"0\" allowfullscreen=\"true\" allow=\"autoplay; clipboard-write; encrypted-media; picture-in-picture; web-share\" allowFullScreen=\"true\"><\/iframe>\n\n\n\n<p class=\"has-medium-font-size\">La actriz de 54 a\u00f1os se llev\u00f3 toda una sorpresa al descubrir algunos de los efectos secundarios de la menopausia, que en su caso no se limitaron a los sofocos habituales.<\/p>\n\n\n\n<p class=\"has-medium-font-size\">&#8220;Para algunas mujeres, los pechos se hacen m\u00e1s peque\u00f1os. Pero hay otras que, cuando ganan peso o dan de mamar a sus hijos, sus pechos crecen y no vuelven a disminuir. En algunos casos tambi\u00e9n sucede cuando entras en la menopausia. Y resulta que yo soy una de las personas a las que les ha pasado en todas y cada una de esas etapas&#8221;, ha bromeado.<\/p>\n","protected":false},"excerpt":{"rendered":"<p>Desde los inicios de su carrera, el f\u00edsico de Salma Hayek ha sido sometido a&#8230;<\/p>\n","protected":false},"author":4,"featured_media":0,"comment_status":"closed","ping_status":"closed","sticky":false,"template":"","format":"standard","meta":{"footnotes":""},"categories":[3],"tags":[],"class_list":["post-26399","post","type-post","status-publish","format-standard","hentry","category-espectaculos"],"_links":{"self":[{"href":"https:\/\/bambapolitica.com.mx\/index.php\/wp-json\/wp\/v2\/posts\/26399","targetHints":{"allow":["GET"]}}],"collection":[{"href":"https:\/\/bambapolitica.com.mx\/index.php\/wp-json\/wp\/v2\/posts"}],"about":[{"href":"https:\/\/bambapolitica.com.mx\/index.php\/wp-json\/wp\/v2\/types\/post"}],"author":[{"embeddable":true,"href":"https:\/\/bambapolitica.com.mx\/index.php\/wp-json\/wp\/v2\/users\/4"}],"replies":[{"embeddable":true,"href":"https:\/\/bambapolitica.com.mx\/index.php\/wp-json\/wp\/v2\/comments?post=26399"}],"version-history":[{"count":1,"href":"https:\/\/bambapolitica.com.mx\/index.php\/wp-json\/wp\/v2\/posts\/26399\/revisions"}],"predecessor-version":[{"id":26401,"href":"https:\/\/bambapolitica.com.mx\/index.php\/wp-json\/wp\/v2\/posts\/26399\/revisions\/26401"}],"wp:attachment":[{"href":"https:\/\/bambapolitica.com.mx\/index.php\/wp-json\/wp\/v2\/media?parent=26399"}],"wp:term":[{"taxonomy":"category","embeddable":true,"href":"https:\/\/bambapolitica.com.mx\/index.php\/wp-json\/wp\/v2\/categories?post=26399"},{"taxonomy":"post_tag","embeddable":true,"href":"https:\/\/bambapolitica.com.mx\/index.php\/wp-json\/wp\/v2\/tags?post=26399"}],"curies":[{"name":"wp","href":"https:\/\/api.w.org\/{rel}","templated":true}]}}