{"id":26405,"date":"2021-06-24T10:15:16","date_gmt":"2021-06-24T16:15:16","guid":{"rendered":"http:\/\/bambapolitica.com.mx\/?p=26405"},"modified":"2021-06-24T10:15:17","modified_gmt":"2021-06-24T16:15:17","slug":"justin-timberlake-manda-poderoso-mensaje-de-apoyo-a-britney-spears","status":"publish","type":"post","link":"https:\/\/bambapolitica.com.mx\/index.php\/2021\/06\/24\/justin-timberlake-manda-poderoso-mensaje-de-apoyo-a-britney-spears\/","title":{"rendered":"Justin Timberlake manda poderoso mensaje de apoyo a Britney Spears"},"content":{"rendered":"\n<p class=\"has-medium-font-size\">El cantante no dud\u00f3 en respaldar a su ex novia, luego de las pol\u00e9micas declaraciones que hizo en el juicio por su tutela.<\/p>\n\n\n\n<p class=\"has-medium-font-size\">Las explosivas declaraciones que hizo Britney este mi\u00e9rcoles respecto a su tutela retumbaron con fuerza a tal grado que su ex, Justin Timberlake, no dud\u00f3 en reaccionar en favor de la int\u00e9rprete a trav\u00e9s de Twitter.<\/p>\n\n\n\n<p class=\"has-medium-font-size\">Este 23 de junio lleg\u00f3 el d\u00eda que todos los fans de Britney esperaban, pues fue la primera vez que \u2018La princesa del pop\u2019 se manifest\u00f3 ante la corte en el caso de la disputa por su tutela, la cual pertenece a su pap\u00e1, Jamie Spears. Entre sus declaraciones m\u00e1s fuertes, Britney asegur\u00f3 que su pap\u00e1 tendr\u00eda que estar preso.<\/p>\n\n\n\n<p class=\"has-medium-font-size\">&#8220;No estoy contenta. No puedo dormir. Estoy traumatizada, enojada y deprimida&#8221;, expres\u00f3 Britney en la corte, adem\u00e1s expres\u00f3 su deseo de convertirse en mam\u00e1 nuevamente y revel\u00f3 que tiene un dispositivo que le impide embarazarse; esto en contra de su voluntad, pues es su pap\u00e1 quien desea que la int\u00e9rprete no tenga m\u00e1s hijos.<\/p>\n\n\n\n<p class=\"has-medium-font-size\">Este 23 de junio lleg\u00f3 el d\u00eda que todos los fans de Britney esperaban, pues fue la primera vez que \u2018La princesa del pop\u2019 se manifest\u00f3 ante la corte en el caso de la disputa por su tutela, la cual pertenece a su pap\u00e1, Jamie Spears. Entre sus declaraciones m\u00e1s fuertes, Britney asegur\u00f3 que su pap\u00e1 tendr\u00eda que estar preso.<\/p>\n\n\n\n<p class=\"has-medium-font-size\">&#8220;No estoy contenta. No puedo dormir. Estoy traumatizada, enojada y deprimida&#8221;, expres\u00f3 Britney en la corte, adem\u00e1s expres\u00f3 su deseo de convertirse en mam\u00e1 nuevamente y revel\u00f3 que tiene un dispositivo que le impide embarazarse; esto en contra de su voluntad, pues es su pap\u00e1 quien desea que la int\u00e9rprete no tenga m\u00e1s hijos.<\/p>\n\n\n\n<p class=\"has-medium-font-size\">&#8221; Despu\u00e9s de lo que vimos hoy, en este momento todos deber\u00edamos apoyar a Britney, independientemente de nuestro pasado, bueno o malo, y sin importar cu\u00e1nto haya transcurrido\u2026 lo que est\u00e1 sucedi\u00e9ndole no est\u00e1 bien. &#8220;<\/p>\n\n\n\n<p class=\"has-medium-font-size\">&#8220;A ninguna mujer se le debe restringir jam\u00e1s la toma de decisiones sobre su propio cuerpo&#8221;, agreg\u00f3.<\/p>\n\n\n\n<p class=\"has-medium-font-size\">El cantante dej\u00f3 claro que el apoyo que manifest\u00f3 a su ex est\u00e1 cien por ciento respaldado por su esposa, la actriz Jessica Biel, con quien est\u00e1 casado desde 2012.<\/p>\n\n\n\n<figure class=\"wp-block-image size-large\"><img decoding=\"async\" src=\"https:\/\/bambapolitica.com.mx\/wp-content\/uploads\/2021\/06\/tt-1.png\" alt=\"\" class=\"wp-image-26408\"\/><\/figure>\n\n\n\n<p class=\"has-medium-font-size\">&#8220;Jess y yo enviamos nuestro amor y nuestro apoyo absoluto a Britney en estos momentos. Esperamos que los tribunales y su familia hagan esto bien y la dejen vivir como quiere&#8221;, fue el \u00faltimo post del cantante respecto a la situaci\u00f3n de su ex pareja.<\/p>\n\n\n\n<p class=\"has-medium-font-size\">Britney Spears asegur\u00f3 que durante varios a\u00f1os le retiraron medicinas que necesitaba para el control de su salud mental, y a\u00f1adi\u00f3 que le suministraron dosis de litio en contra de su voluntad.<\/p>\n\n\n\n<p class=\"has-medium-font-size\">Adem\u00e1s solicit\u00f3 que en caso de ser necesario, un terapeuta asista a su domicilio, pues no quiere continuar con la terapia psiqui\u00e1trica a la que es obligada a asistir tres veces por semana.<\/p>\n\n\n\n<figure class=\"wp-block-image size-large\"><img decoding=\"async\" src=\"https:\/\/bambapolitica.com.mx\/wp-content\/uploads\/2021\/06\/xxx.png\" alt=\"\" class=\"wp-image-26407\"\/><\/figure>\n\n\n\n<p class=\"has-medium-font-size\">\u201cRealmente creo que esta tutela es abusiva. Hay miles de tutelas abusivas. (\u2026) S\u00f3lo quiero recuperar mi vida. Han pasado 13 a\u00f1os y es suficiente. Estoy traumatizada. No soy feliz, no puedo dormir. Estoy muy enfadada y lloro todos los d\u00edas\u201d, dijo.<\/p>\n","protected":false},"excerpt":{"rendered":"<p>El cantante no dud\u00f3 en respaldar a su ex novia, luego de las pol\u00e9micas declaraciones&#8230;<\/p>\n","protected":false},"author":4,"featured_media":0,"comment_status":"closed","ping_status":"closed","sticky":false,"template":"","format":"standard","meta":{"footnotes":""},"categories":[3],"tags":[],"class_list":["post-26405","post","type-post","status-publish","format-standard","hentry","category-espectaculos"],"_links":{"self":[{"href":"https:\/\/bambapolitica.com.mx\/index.php\/wp-json\/wp\/v2\/posts\/26405","targetHints":{"allow":["GET"]}}],"collection":[{"href":"https:\/\/bambapolitica.com.mx\/index.php\/wp-json\/wp\/v2\/posts"}],"about":[{"href":"https:\/\/bambapolitica.com.mx\/index.php\/wp-json\/wp\/v2\/types\/post"}],"author":[{"embeddable":true,"href":"https:\/\/bambapolitica.com.mx\/index.php\/wp-json\/wp\/v2\/users\/4"}],"replies":[{"embeddable":true,"href":"https:\/\/bambapolitica.com.mx\/index.php\/wp-json\/wp\/v2\/comments?post=26405"}],"version-history":[{"count":1,"href":"https:\/\/bambapolitica.com.mx\/index.php\/wp-json\/wp\/v2\/posts\/26405\/revisions"}],"predecessor-version":[{"id":26409,"href":"https:\/\/bambapolitica.com.mx\/index.php\/wp-json\/wp\/v2\/posts\/26405\/revisions\/26409"}],"wp:attachment":[{"href":"https:\/\/bambapolitica.com.mx\/index.php\/wp-json\/wp\/v2\/media?parent=26405"}],"wp:term":[{"taxonomy":"category","embeddable":true,"href":"https:\/\/bambapolitica.com.mx\/index.php\/wp-json\/wp\/v2\/categories?post=26405"},{"taxonomy":"post_tag","embeddable":true,"href":"https:\/\/bambapolitica.com.mx\/index.php\/wp-json\/wp\/v2\/tags?post=26405"}],"curies":[{"name":"wp","href":"https:\/\/api.w.org\/{rel}","templated":true}]}}